{"id":120196,"date":"2024-01-23T10:27:19","date_gmt":"2024-01-23T13:27:19","guid":{"rendered":"https:\/\/corrientesdetarde.com\/?p=120196"},"modified":"2024-01-23T10:27:31","modified_gmt":"2024-01-23T13:27:31","slug":"la-curiosa-manera-en-la-que-las-hijas-de-wanda-nara-llaman-a-su-abuela-nora-colosimo","status":"publish","type":"post","link":"https:\/\/corrientesdetarde.com\/index.php\/espectaculos\/la-curiosa-manera-en-la-que-las-hijas-de-wanda-nara-llaman-a-su-abuela-nora-colosimo\/","title":{"rendered":"La curiosa manera en la que las hijas de Wanda Nara llaman a su abuela, Nora Colosimo"},"content":{"rendered":"\n<p><a><\/a><a><\/a><a><\/a><a><\/a><a><\/a><a href=\"sms:?&amp;body=La%20curiosa%20manera%20en%20la%20que%20las%20hijas%20de%20Wanda%20Nara%20llaman%20a%20su%20abuela,%20Nora%20Colosimo%20-%20https:\/\/tn.com.ar\/show\/famosos\/2024\/01\/23\/la-curiosa-manera-en-la-que-las-hijas-de-wanda-nara-llaman-a-su-abuela-nora-colosimo\/\"><\/a><\/p>\n\n\n\n<p><strong>Isabella<\/strong>\u00a0y\u00a0<strong>Francesca Icardi<\/strong>\u00a0fueron las protagonistas de uno de los m\u00e1s recientes\u00a0<em>TikToks<\/em>\u00a0de\u00a0<strong>Wanda Nara<\/strong>. Las hijas de la medi\u00e1tica fueron muy sinceras sobre su disgusto con unos vestidos de m\u00e1s de 1700 euros. Luego de pedirle la opini\u00f3n a\u00a0<strong>Nora Colosimo<\/strong>, le exigieron a su mam\u00e1 que los devuelva.<\/p>\n\n\n\n<p>Sin embargo, entre las diversas reacciones al divertido video, algunos seguidores de la conductora de\u00a0<em>Masterchef (Telefe)<\/em>\u00a0se sorprendieron con la manera poco com\u00fan en la que las nenas se refieren a su abuela.<\/p>\n\n\n\n<p>\u201cMi mam\u00e1 siempre nos compra cosas de\u00a0<em>preppy<\/em>.\u00a0<strong>Este es un vestido de preppy y no nos gusta\u201d<\/strong>, comenz\u00f3 a explicar Isabella en el Tiktok, dejando en claro que no ten\u00edan intenciones de utilizar la prenda. Es por eso que junto a su hermana idearon un plan para poder decidir el destino de los vestidos con la ayuda de\u00a0<strong>Colosimo.<\/strong>\u201c<strong>Si bajamos y Nora nos dice tres veces \u2018qu\u00e9 lindas\u2019, nos los quedamos. Si no, lo devolvemos<\/strong>\u201d, revel\u00f3\u00a0<strong>Francesca<\/strong>, eligiendo llamar a su abuela por su primer nombre.<\/p>\n\n\n\n<figure class=\"wp-block-image\"><img decoding=\"async\" src=\"https:\/\/tn.com.ar\/resizer\/j7kg2UzR0XzxO4bOWgPmrwAo39E=\/767x0\/smart\/filters:format(webp)\/cloudfront-us-east-1.images.arcpublishing.com\/artear\/AB7QFHPDQ5H6TCFTXLTXLLUIGA.jpg\" alt=\"Las hijas de Wanda Nara le mostraron a Nora Colosimo sus nuevos vestidos. (Fotos: Tiktok \/ wandaentiktok)\"\/><figcaption>Las hijas de Wanda Nara le mostraron a Nora Colosimo sus nuevos vestidos. (Fotos: Tiktok \/ wandaentiktok)<\/figcaption><\/figure>\n\n\n\n<p>En las redes r\u00e1pidamente se gener\u00f3 un debate sobre la raz\u00f3n por la cual llaman a la mam\u00e1 de la medi\u00e1tica de esa manera. \u201c<strong>\u00bfPor qu\u00e9 le dicen \u2018Nora\u2019 y no \u2018abuela\u2019?<\/strong>\u201d, se preguntaron varios.<\/p>\n\n\n\n<p>\u201c<strong>A veces las abuelas no quieren que les digan abuelas, mucho menos \u2018nona\u2019<\/strong>\u201d, sostuvo una seguidora. Por otro lado, otros usuarios aseguraron que en sus familias pasa algo similar y explicaron los motivos. \u201cMi hija llama por su nombre a mi mam\u00e1 porque&nbsp;<strong>es abuela joven y a ella no le gusta que le diga abuela porque se siente vieja<\/strong>, no es de falta de respeto\u201d, comentaron.<\/p>\n\n\n\n<p>Si bien&nbsp;<strong>Wanda Nara<\/strong>&nbsp;eligi\u00f3 no responder a las reiteradas preguntas sobre el asunto, muchos de sus fan\u00e1ticos salieron en defensa de sus hijas y agregaron: \u201c\u00bfNo se llama as\u00ed la se\u00f1ora?&nbsp;<strong>No entiendo por qu\u00e9 no le pueden decir su nombre y ya\u201d<\/strong>.<\/p>\n\n\n\n<figure class=\"wp-block-image\"><img decoding=\"async\" src=\"https:\/\/tn.com.ar\/resizer\/cq4ziWWzGLFDfjhIac9Ow07T_bo=\/767x0\/smart\/filters:format(webp)\/thumbs.vodgc.net\/1-14-sI4LXY1705868275615-1705869732.jpg\" alt=\"Video Placeholder\"\/><\/figure>\n\n\n\n<p>\u201cEs horrible\u201d: las hijas de Wanda Nara le pidieron devolver un vestido Gucci de 1500 euros (Foto: TikTok\/wandaentiktok)<\/p>\n\n\n\n<h2 class=\"wp-block-heading\">La reacci\u00f3n de Nora Colosimo al vestido que usaron Isabella y Francesca Icardi<\/h2>\n\n\n\n<p>A diferencia de lo que esperaban las nenas, Nora Colosimo tuvo una reacci\u00f3n peculiar al vestido que la medi\u00e1tica le compr\u00f3 a Isabella y Francesca, ya que le record\u00f3 a sus hijas cuando eran m\u00e1s j\u00f3venes. \u201cMe encanta, \u00bfqu\u00e9 tengo que decir? Me da impresi\u00f3n.\u00a0<strong>Wanda y Zaira cuando eran chiquitas<\/strong>\u201d, revel\u00f3.<\/p>\n\n\n\n<p>\u201cYo las vest\u00eda con vestiditos largos, as\u00ed a las dos iguales y est\u00e1n divinas\u201d, agreg\u00f3 la abuela de las nenas. A\u00fan sin convencerse, Francesca opin\u00f3: \u201c<strong>Parece cuando te operan que te ponen ese traje azul<\/strong>\u201d, a lo que Wanda contest\u00f3 con humor: \u201c<strong>A nadie le ponen un vestido de Gucci cuando lo operan<\/strong>\u201d.<\/p>\n\n\n\n<p>\u201c<strong>Es horrible\u201d<\/strong>, insisti\u00f3, a lo que Francesca coincidi\u00f3 y sum\u00f3: \u201c<strong>No, ma, devolvelo<\/strong>\u201d. Su abuela se sorprendi\u00f3 con la decisi\u00f3n que tomaron las hijas de Wanda Nara y expres\u00f3 entre risas: \u201cQu\u00e9 desagradecidas, y a m\u00ed que no me entra\u201d.<\/p>\n","protected":false},"excerpt":{"rendered":"<p>Isabella\u00a0y\u00a0Francesca Icardi\u00a0fueron las protagonistas de uno de los m\u00e1s recientes\u00a0TikToks\u00a0de\u00a0Wanda Nara. Las hijas de la medi\u00e1tica fueron muy sinceras sobre su disgusto con unos vestidos de m\u00e1s de 1700 euros.&hellip; <\/p>\n","protected":false},"author":12,"featured_media":120197,"comment_status":"closed","ping_status":"open","sticky":false,"template":"","format":"standard","meta":{"footnotes":""},"categories":[19],"tags":[],"class_list":["post-120196","post","type-post","status-publish","format-standard","has-post-thumbnail","hentry","category-espectaculos"],"_links":{"self":[{"href":"https:\/\/corrientesdetarde.com\/index.php\/wp-json\/wp\/v2\/posts\/120196","targetHints":{"allow":["GET"]}}],"collection":[{"href":"https:\/\/corrientesdetarde.com\/index.php\/wp-json\/wp\/v2\/posts"}],"about":[{"href":"https:\/\/corrientesdetarde.com\/index.php\/wp-json\/wp\/v2\/types\/post"}],"author":[{"embeddable":true,"href":"https:\/\/corrientesdetarde.com\/index.php\/wp-json\/wp\/v2\/users\/12"}],"replies":[{"embeddable":true,"href":"https:\/\/corrientesdetarde.com\/index.php\/wp-json\/wp\/v2\/comments?post=120196"}],"version-history":[{"count":1,"href":"https:\/\/corrientesdetarde.com\/index.php\/wp-json\/wp\/v2\/posts\/120196\/revisions"}],"predecessor-version":[{"id":120198,"href":"https:\/\/corrientesdetarde.com\/index.php\/wp-json\/wp\/v2\/posts\/120196\/revisions\/120198"}],"wp:featuredmedia":[{"embeddable":true,"href":"https:\/\/corrientesdetarde.com\/index.php\/wp-json\/wp\/v2\/media\/120197"}],"wp:attachment":[{"href":"https:\/\/corrientesdetarde.com\/index.php\/wp-json\/wp\/v2\/media?parent=120196"}],"wp:term":[{"taxonomy":"category","embeddable":true,"href":"https:\/\/corrientesdetarde.com\/index.php\/wp-json\/wp\/v2\/categories?post=120196"},{"taxonomy":"post_tag","embeddable":true,"href":"https:\/\/corrientesdetarde.com\/index.php\/wp-json\/wp\/v2\/tags?post=120196"}],"curies":[{"name":"wp","href":"https:\/\/api.w.org\/{rel}","templated":true}]}}