{"id":120199,"date":"2024-01-23T10:29:41","date_gmt":"2024-01-23T13:29:41","guid":{"rendered":"https:\/\/corrientesdetarde.com\/?p=120199"},"modified":"2024-01-23T10:29:49","modified_gmt":"2024-01-23T13:29:49","slug":"bossa-nova-de-la-mano-de-antoliano-rojas-en-casa-martinez","status":"publish","type":"post","link":"https:\/\/corrientesdetarde.com\/index.php\/actualidad\/bossa-nova-de-la-mano-de-antoliano-rojas-en-casa-martinez\/","title":{"rendered":"BOSSA NOVA DE LA MANO DE ANTOLIANO ROJAS EN CASA MART\u00cdNEZ"},"content":{"rendered":"\n<p>El pr\u00f3ximo viernes, 26 de enero, desde las 19 y con entrada libre y gratuita, el Museo Antropol\u00f3gico y Arqueol\u00f3gico abrir\u00e1 sus puertas para una velada musical. El m\u00fasico Antoliano Rojas brindar\u00e1 un show de bossa nova cantada e instrumental.<br>Seg\u00fan adelant\u00f3, en el espect\u00e1culo que est\u00e1 programado para el viernes, el repertorio cantado interpretar\u00e1 temas de bossa nova a la manera del gran Joao Gilberto, mientras que en lo instrumental, con su guitarra lo har\u00e1 a la manera del gran Baden Powell. El p\u00fablico podr\u00e1 disfrutar de una velada en la hist\u00f3rica Casa Mart\u00ednez (Fray de la Quintana 971) que tiene sus salones climatizados.<br>Es de recordar que Antoliano Rojas en un destacado solista de guitarra, que cuenta con estilo propio y una vasta trayectoria musical que lo han llevado a participar de importantes ciclos como Nuevos Sonidos del Guar\u00e1n, brind\u00f3 conciertos did\u00e1cticos sobre las posibilidades orquestales de la guitarra cl\u00e1sica.<br>Particip\u00f3 en la Fiesta Nacional del Chamam\u00e9, en 2014, interpretando chamam\u00e9 con guitarra cl\u00e1sica. En 2015 grab\u00f3 un disco dedicado \u00edntegramente a George Gershwin. En el 2016 grab\u00f3 un material con tangos de todas las \u00e9pocas. Tambi\u00e9n durante la pandemia realiz\u00f3 14 recitales gratuitos por streaming , luego, en el retorno a la presencialidad brind\u00f3 un programa de jazz en guitarra cl\u00e1sica. Actu\u00f3 en el festival \u201cChaco merece jazz, entre muchas actividades que desarroll\u00f3 en su extensa carrera como m\u00fasico profesional.<\/p>\n","protected":false},"excerpt":{"rendered":"<p>El pr\u00f3ximo viernes, 26 de enero, desde las 19 y con entrada libre y gratuita, el Museo Antropol\u00f3gico y Arqueol\u00f3gico abrir\u00e1 sus puertas para una velada musical. El m\u00fasico Antoliano&hellip; <\/p>\n","protected":false},"author":12,"featured_media":120200,"comment_status":"closed","ping_status":"open","sticky":false,"template":"","format":"standard","meta":{"footnotes":""},"categories":[23],"tags":[],"class_list":["post-120199","post","type-post","status-publish","format-standard","has-post-thumbnail","hentry","category-actualidad"],"_links":{"self":[{"href":"https:\/\/corrientesdetarde.com\/index.php\/wp-json\/wp\/v2\/posts\/120199","targetHints":{"allow":["GET"]}}],"collection":[{"href":"https:\/\/corrientesdetarde.com\/index.php\/wp-json\/wp\/v2\/posts"}],"about":[{"href":"https:\/\/corrientesdetarde.com\/index.php\/wp-json\/wp\/v2\/types\/post"}],"author":[{"embeddable":true,"href":"https:\/\/corrientesdetarde.com\/index.php\/wp-json\/wp\/v2\/users\/12"}],"replies":[{"embeddable":true,"href":"https:\/\/corrientesdetarde.com\/index.php\/wp-json\/wp\/v2\/comments?post=120199"}],"version-history":[{"count":1,"href":"https:\/\/corrientesdetarde.com\/index.php\/wp-json\/wp\/v2\/posts\/120199\/revisions"}],"predecessor-version":[{"id":120201,"href":"https:\/\/corrientesdetarde.com\/index.php\/wp-json\/wp\/v2\/posts\/120199\/revisions\/120201"}],"wp:featuredmedia":[{"embeddable":true,"href":"https:\/\/corrientesdetarde.com\/index.php\/wp-json\/wp\/v2\/media\/120200"}],"wp:attachment":[{"href":"https:\/\/corrientesdetarde.com\/index.php\/wp-json\/wp\/v2\/media?parent=120199"}],"wp:term":[{"taxonomy":"category","embeddable":true,"href":"https:\/\/corrientesdetarde.com\/index.php\/wp-json\/wp\/v2\/categories?post=120199"},{"taxonomy":"post_tag","embeddable":true,"href":"https:\/\/corrientesdetarde.com\/index.php\/wp-json\/wp\/v2\/tags?post=120199"}],"curies":[{"name":"wp","href":"https:\/\/api.w.org\/{rel}","templated":true}]}}