{"id":120203,"date":"2024-01-23T10:38:00","date_gmt":"2024-01-23T13:38:00","guid":{"rendered":"https:\/\/corrientesdetarde.com\/?p=120203"},"modified":"2024-01-23T10:38:06","modified_gmt":"2024-01-23T13:38:06","slug":"que-servicios-no-funcionaran-por-el-paro-general-de-la-cgt","status":"publish","type":"post","link":"https:\/\/corrientesdetarde.com\/index.php\/politica\/que-servicios-no-funcionaran-por-el-paro-general-de-la-cgt\/","title":{"rendered":"Qu\u00e9 servicios no funcionar\u00e1n por el paro general de la CGT"},"content":{"rendered":"\n<p><a><\/a><a><\/a><a><\/a><a><\/a><a><\/a><a href=\"sms:?&amp;body=Qu%C3%A9%20servicios%20no%20funcionar%C3%A1n%20por%20el%20paro%20general%20de%20la%20CGT%20-%20https:\/\/tn.com.ar\/sociedad\/2024\/01\/23\/que-servicios-no-funcionaran-por-el-paro-general-de-la-cgt\/\"><\/a><\/p>\n\n\n\n<p>El\u00a0<strong>paro general convocado por la CGT<\/strong>\u00a0para este 24 de enero a partir de las 12:00 afectar\u00e1 diversos sectores. Entre las actividades que se ver\u00e1n interrumpidas se encuentran los\u00a0<strong>servicios bancarios<\/strong>, el\u00a0<strong>transporte p\u00fablico<\/strong>, los\u00a0<strong>vuelos<\/strong>, as\u00ed como una reducci\u00f3n en el\u00a0<strong>personal de salud<\/strong>\u00a0y la suspensi\u00f3n de la<strong>\u00a0recolecci\u00f3n de basura<\/strong>.<\/p>\n\n\n\n<h2 class=\"wp-block-heading\">Cu\u00e1les son los servicios que no funcionar\u00e1n por el paro general de la CGT, uno por uno<\/h2>\n\n\n\n<p>Los&nbsp;<strong>servicios&nbsp;<\/strong>que&nbsp;<strong>no funcionar\u00e1n<\/strong>&nbsp;este 24 de enero por el&nbsp;<strong>paro general de la CGT<\/strong>&nbsp;son los siguientes:<\/p>\n\n\n\n<p>-EPUBS ADVERTISEMENT-<\/p>\n\n\n\n<p>javascript:false<\/p>\n\n\n\n<p>javascript:false<\/p>\n\n\n\n<ul class=\"wp-block-list\"><li><strong>Colectivos, subtes y trenes:<\/strong>&nbsp;no funcionar\u00e1n desde las 19 hasta las 00 del jueves.<\/li><li><strong>Bancos:<\/strong>&nbsp;en la Ciudad de Buenos Aires (CABA) y Provincia de Buenos Aires (PBA) atender\u00e1n al p\u00fablico hasta las 12. Los trabajadores afiliados a la Asociaci\u00f3n Bancaria se sumar\u00e1n al paro de la CGT.<\/li><li><strong>Vuelos<\/strong>: aeropuertos operativos pero con vuelos de cabotaje alternados entre las 12 y la medianoche del mi\u00e9rcoles.<\/li><li><strong>Administraci\u00f3n p\u00fablica:<\/strong>&nbsp;habr\u00e1 atenci\u00f3n parcial.<\/li><li><strong>Estaciones de servicio:<\/strong>&nbsp;se espera que trabaje menos personal desde las 12 hasta las 00.<\/li><li><strong>Personal de salud:<\/strong>&nbsp;habr\u00e1 menos trabajadores desde las 12 hasta las 00. La medida de fuerza puede afectar el normal funcionamiento de hospitales p\u00fablicos y m\u00e1s de 800 municipalidades, seg\u00fan ATE.<\/li><li><strong>Recolecci\u00f3n de basura:<\/strong>&nbsp;no habr\u00e1 servicio desde las 12 hasta las 00.<\/li><li><strong>Correo:<\/strong>&nbsp;no habr\u00e1 distribuci\u00f3n desde las 12.<\/li><\/ul>\n\n\n\n<figure class=\"wp-block-image\"><img decoding=\"async\" src=\"https:\/\/tn.com.ar\/resizer\/pb-ohKRMf3u-uo1LlKxftRn4BAw=\/767x0\/smart\/filters:format(webp)\/cloudfront-us-east-1.images.arcpublishing.com\/artear\/RNBHSJYKNBC4FFF7IBU4OJUPJY.jpg\" alt=\"Qu\u00e9 servicios no funcionar\u00e1n por el paro general de la CGT (Foto: Florencia Ferrero).\"\/><figcaption>Qu\u00e9 servicios no funcionar\u00e1n por el paro general de la CGT (Foto: Florencia Ferrero).<\/figcaption><\/figure>\n\n\n\n<h2 class=\"wp-block-heading\">Qu\u00e9 dijo Javier Milei sobre el paro general de la CGT del 24 de enero<\/h2>\n\n\n\n<p><strong>Javier Milei<\/strong>\u00a0declar\u00f3 aquellos que est\u00e9n en el\u00a0<strong>paro nacional<\/strong>\u00a0de la CGT el 24 de enero quieren \u201cquedarse en el pasado y la decadencia\u201d y se diferenci\u00f3 de ellos al decir que hay dos modelos de la Argentina para el futuro.<\/p>\n\n\n\n<p>Sobre este concepto,&nbsp;<strong>Javier Milei<\/strong>&nbsp;en la antesala del paro general de la CGT de este mi\u00e9rcoles, afirm\u00f3 en declaraciones en Rock and Pop: \u201cVa a mostrar&nbsp;<strong>dos Argentinas<\/strong>, una que se quiere quedar en el&nbsp;<strong>atraso&nbsp;<\/strong>y otra, la del modelo que pone a la Argentina en el camino de ser un pa\u00eds&nbsp;<strong>desarrollado<\/strong>\u201d.<\/p>\n","protected":false},"excerpt":{"rendered":"<p>El\u00a0paro general convocado por la CGT\u00a0para este 24 de enero a partir de las 12:00 afectar\u00e1 diversos sectores. Entre las actividades que se ver\u00e1n interrumpidas se encuentran los\u00a0servicios bancarios, el\u00a0transporte&hellip; <\/p>\n","protected":false},"author":12,"featured_media":120204,"comment_status":"closed","ping_status":"open","sticky":false,"template":"","format":"standard","meta":{"footnotes":""},"categories":[3],"tags":[],"class_list":["post-120203","post","type-post","status-publish","format-standard","has-post-thumbnail","hentry","category-politica"],"_links":{"self":[{"href":"https:\/\/corrientesdetarde.com\/index.php\/wp-json\/wp\/v2\/posts\/120203","targetHints":{"allow":["GET"]}}],"collection":[{"href":"https:\/\/corrientesdetarde.com\/index.php\/wp-json\/wp\/v2\/posts"}],"about":[{"href":"https:\/\/corrientesdetarde.com\/index.php\/wp-json\/wp\/v2\/types\/post"}],"author":[{"embeddable":true,"href":"https:\/\/corrientesdetarde.com\/index.php\/wp-json\/wp\/v2\/users\/12"}],"replies":[{"embeddable":true,"href":"https:\/\/corrientesdetarde.com\/index.php\/wp-json\/wp\/v2\/comments?post=120203"}],"version-history":[{"count":1,"href":"https:\/\/corrientesdetarde.com\/index.php\/wp-json\/wp\/v2\/posts\/120203\/revisions"}],"predecessor-version":[{"id":120205,"href":"https:\/\/corrientesdetarde.com\/index.php\/wp-json\/wp\/v2\/posts\/120203\/revisions\/120205"}],"wp:featuredmedia":[{"embeddable":true,"href":"https:\/\/corrientesdetarde.com\/index.php\/wp-json\/wp\/v2\/media\/120204"}],"wp:attachment":[{"href":"https:\/\/corrientesdetarde.com\/index.php\/wp-json\/wp\/v2\/media?parent=120203"}],"wp:term":[{"taxonomy":"category","embeddable":true,"href":"https:\/\/corrientesdetarde.com\/index.php\/wp-json\/wp\/v2\/categories?post=120203"},{"taxonomy":"post_tag","embeddable":true,"href":"https:\/\/corrientesdetarde.com\/index.php\/wp-json\/wp\/v2\/tags?post=120203"}],"curies":[{"name":"wp","href":"https:\/\/api.w.org\/{rel}","templated":true}]}}