{"id":120227,"date":"2024-01-23T11:57:09","date_gmt":"2024-01-23T14:57:09","guid":{"rendered":"https:\/\/corrientesdetarde.com\/?p=120227"},"modified":"2024-01-23T11:57:24","modified_gmt":"2024-01-23T14:57:24","slug":"el-representante-de-javier-pastore-revelo-que-hay-de-cierto-sobre-las-negociaciones-del-futbolista-con-boca","status":"publish","type":"post","link":"https:\/\/corrientesdetarde.com\/index.php\/deportes\/el-representante-de-javier-pastore-revelo-que-hay-de-cierto-sobre-las-negociaciones-del-futbolista-con-boca\/","title":{"rendered":"El representante de Javier Pastore revel\u00f3 qu\u00e9 hay de cierto sobre las negociaciones del futbolista con Boca"},"content":{"rendered":"\n<p><a><\/a><a><\/a><a><\/a><a><\/a><a><\/a><a href=\"sms:?&amp;body=El%20representante%20de%20Javier%20Pastore%20revel%C3%B3%20qu%C3%A9%20hay%20de%20cierto%20sobre%20las%20negociaciones%20del%20futbolista%20con%20Boca%20-%20https:\/\/tn.com.ar\/deportes\/futbol\/2024\/01\/23\/el-representante-de-javier-pastore-revelo-que-hay-de-cierto-sobre-las-negociaciones-del-futbolista-con-boca\/\"><\/a><\/p>\n\n\n\n<p><strong>Javier Pastore<\/strong>\u00a0qued\u00f3 libre de Qatar SC a mediados del 2023 y atraviesa una larga inactividad, con poco rodaje futbol\u00edstico. Sin embargo en las \u00faltimas horas comenz\u00f3 a circular informaci\u00f3n que lo pon\u00eda al jugador de 34 a\u00f1os en el radar de\u00a0<strong>Boca<\/strong>, club al que habr\u00eda sido ofrecido. Sin embargo su representante,\u00a0<strong>Marcelo Simonian,<\/strong>\u00a0puso fin a la novela y le revel\u00f3 a\u00a0<strong>TN\u00a0<\/strong>que\u00a0<strong>no hay ninguna negociaci\u00f3n<\/strong>.<\/p>\n\n\n\n<p>En di\u00e1logo con&nbsp;<strong>TN<\/strong>&nbsp;Simonian explic\u00f3 que es \u201c<strong>imposible<\/strong>\u201d que el futbolista que disput\u00f3 el Mundial de Sud\u00e1frica 2010 con la camiseta de la Selecci\u00f3n argentina llegue al Xeneize en esta temporada y aclar\u00f3 que no son ciertos los rumores que cobraron fuerza en las \u00faltimas horas sobre un ofrecimiento al club de La Ribera.<\/p>\n\n\n\n<figure class=\"wp-block-image\"><img decoding=\"async\" src=\"https:\/\/tn.com.ar\/resizer\/RDcNc5GgjMZmCoMc8d1tBInz-7A=\/767x0\/smart\/filters:format(webp)\/cloudfront-us-east-1.images.arcpublishing.com\/artear\/734I5IK63RGMJCG4POZCTUZZFI.jpg\" alt=\"El cordob\u00e9s tuvo un paso por Elche de Espa\u00f1a. (Foto: Instagram flacojp27).\"\/><figcaption>El cordob\u00e9s tuvo un paso por Elche de Espa\u00f1a. (Foto: Instagram flacojp27).<\/figcaption><\/figure>\n\n\n\n<h2 class=\"wp-block-heading\">C\u00f3mo fueron los \u00faltimos a\u00f1os de la carrera de Javier Pastore<\/h2>\n\n\n\n<p>Antes de llegar a Hurac\u00e1n, instituci\u00f3n en la que brill\u00f3 en Torneo Clausura 2009,<strong>&nbsp;Javier Pastore&nbsp;<\/strong>estuvo en Talleres de C\u00f3rdoba, donde jug\u00f3 cinco partidos. Tras sus pasos por<strong>&nbsp;Paris Saint-Germain<\/strong>&nbsp;y&nbsp;<strong>Roma,<\/strong>&nbsp;el enganche arrib\u00f3 al Elche a principios de la temporada 2021, pero solamente disput\u00f3&nbsp;<strong>16 encuentros sin hacer goles<\/strong>.<\/p>\n\n\n\n<p>Despu\u00e9s de un a\u00f1o y medio abandon\u00f3 el equipo espa\u00f1ol y recal\u00f3 en&nbsp;<strong>Qatar SC<\/strong>. En ese club&nbsp;<strong>jug\u00f3 siete encuentros<\/strong>&nbsp;y convirti\u00f3 un tanto antes de quedar libre en agosto de 2023.<\/p>\n\n\n\n<h2 class=\"wp-block-heading\">Boca presenta a sus refuerzos<\/h2>\n\n\n\n<p>Este martes Boca Juniors presentar\u00e1 de manera oficial a sus dos refuerzos en la habitual sala de conferencias de prensa del Xeneize:&nbsp;<strong>Cristian Lema<\/strong>&nbsp;y&nbsp;<strong>Kevin Zen\u00f3n<\/strong>.<\/p>\n\n\n\n<h2 class=\"wp-block-heading\">Carlos Palacios: el futbolista que suena en Boca<\/h2>\n\n\n\n<p>En las \u00faltimas horas un nuevo nombre apareci\u00f3 como posible refuerzo del equipo de&nbsp;<strong>Diego Mart\u00ednez&nbsp;<\/strong>y es&nbsp;<strong>Carlos Palacios<\/strong>, delantero chileno de 23 a\u00f1os que juega actualmente en&nbsp;<strong>Colo Colo<\/strong>.<\/p>\n\n\n\n<p>En principio<strong>\u00a0Boca\u00a0<\/strong>no tendr\u00eda problemas para incorporar a\u00a0<strong>Carlos Palacios:\u00a0<\/strong>el m\u00e1ximo permitido de jugadores extranjeros es de seis y, actualmente, el equipo de La Ribera cuenta con cinco apellidos dentro de esta categor\u00eda:\u00a0<strong>Luis Adv\u00edncula<\/strong>\u00a0(Per\u00fa),\u00a0<strong>Bruno Valdez<\/strong>\u00a0(Paraguay) y los uruguayos\u00a0<strong>Edinson Cavani, Miguel Merentiel y Marcelo Saracchi<\/strong><\/p>\n","protected":false},"excerpt":{"rendered":"<p>Javier Pastore\u00a0qued\u00f3 libre de Qatar SC a mediados del 2023 y atraviesa una larga inactividad, con poco rodaje futbol\u00edstico. Sin embargo en las \u00faltimas horas comenz\u00f3 a circular informaci\u00f3n que&hellip; <\/p>\n","protected":false},"author":12,"featured_media":120229,"comment_status":"closed","ping_status":"open","sticky":false,"template":"","format":"standard","meta":{"footnotes":""},"categories":[4],"tags":[],"class_list":["post-120227","post","type-post","status-publish","format-standard","has-post-thumbnail","hentry","category-deportes"],"_links":{"self":[{"href":"https:\/\/corrientesdetarde.com\/index.php\/wp-json\/wp\/v2\/posts\/120227","targetHints":{"allow":["GET"]}}],"collection":[{"href":"https:\/\/corrientesdetarde.com\/index.php\/wp-json\/wp\/v2\/posts"}],"about":[{"href":"https:\/\/corrientesdetarde.com\/index.php\/wp-json\/wp\/v2\/types\/post"}],"author":[{"embeddable":true,"href":"https:\/\/corrientesdetarde.com\/index.php\/wp-json\/wp\/v2\/users\/12"}],"replies":[{"embeddable":true,"href":"https:\/\/corrientesdetarde.com\/index.php\/wp-json\/wp\/v2\/comments?post=120227"}],"version-history":[{"count":1,"href":"https:\/\/corrientesdetarde.com\/index.php\/wp-json\/wp\/v2\/posts\/120227\/revisions"}],"predecessor-version":[{"id":120230,"href":"https:\/\/corrientesdetarde.com\/index.php\/wp-json\/wp\/v2\/posts\/120227\/revisions\/120230"}],"wp:featuredmedia":[{"embeddable":true,"href":"https:\/\/corrientesdetarde.com\/index.php\/wp-json\/wp\/v2\/media\/120229"}],"wp:attachment":[{"href":"https:\/\/corrientesdetarde.com\/index.php\/wp-json\/wp\/v2\/media?parent=120227"}],"wp:term":[{"taxonomy":"category","embeddable":true,"href":"https:\/\/corrientesdetarde.com\/index.php\/wp-json\/wp\/v2\/categories?post=120227"},{"taxonomy":"post_tag","embeddable":true,"href":"https:\/\/corrientesdetarde.com\/index.php\/wp-json\/wp\/v2\/tags?post=120227"}],"curies":[{"name":"wp","href":"https:\/\/api.w.org\/{rel}","templated":true}]}}