{"id":120232,"date":"2024-01-23T15:01:40","date_gmt":"2024-01-23T18:01:40","guid":{"rendered":"https:\/\/corrientesdetarde.com\/?p=120232"},"modified":"2024-01-23T15:01:41","modified_gmt":"2024-01-23T18:01:41","slug":"educacion-trabaja-con-el-bid-en-el-relevamiento-de-los-sistemas-de-informacion-de-gestion","status":"publish","type":"post","link":"https:\/\/corrientesdetarde.com\/index.php\/educacion\/educacion-trabaja-con-el-bid-en-el-relevamiento-de-los-sistemas-de-informacion-de-gestion\/","title":{"rendered":"Educaci\u00f3n trabaja con el BID en el relevamiento de los Sistemas de Informaci\u00f3n de Gesti\u00f3n"},"content":{"rendered":"\n<p>Con el objetivo de potenciar los sistemas de gesti\u00f3n educativa para fortalecer la toma de decisiones y la planificaci\u00f3n, la ministra de Educaci\u00f3n Pr\u00e1xedes L\u00f3pez mantuvo esta ma\u00f1ana una reuni\u00f3n virtual con referentes del Banco Interamericano de Desarrollo (BID). En la oportunidad, fue presentado un informe de evaluaci\u00f3n sobre distintos procesos de gesti\u00f3n.<\/p>\n\n\n\n<p>El Sistema de Informaci\u00f3n de Gesti\u00f3n Educativa (Siged) es un conjunto de procesos que sirven para dise\u00f1ar, registrar, generar y diseminar informaci\u00f3n estrat\u00e9gica en l\u00ednea de forma integral. Se trata de un sistema necesario para el dise\u00f1o de pol\u00edticas basadas en la evidencia, que permitan mejorar la calidad de los aprendizajes y disminuir los niveles de deserci\u00f3n educativa.<\/p>\n\n\n\n<p>En Corrientes, el Ministerio de Educaci\u00f3n, trabaja con el BID para aplicar mejoras al Siged y es por eso que esta ma\u00f1ana la ministra Pr\u00e1xedes L\u00f3pez junto con parte de su gabinete mantuvo una reuni\u00f3n virtual con la especialista senior en educaci\u00f3n del BID, Tamara Vinacur y el consultor Oscar Monta\u00f1ez. En la oportunidad se habl\u00f3 de infraestructura f\u00edsica y equipamiento, instituciones educativas, recursos humanos, financieros y presupuesto, estudiantes y aprendizajes, formaci\u00f3n docente y contenidos digitales y herramientas para la gesti\u00f3n estrat\u00e9gica entre otros temas.<\/p>\n\n\n\n<p>El encuentro cont\u00f3 adem\u00e1s con la participaci\u00f3n del subsecretario de Infraestructura Escolar, Emilio Breard, el subsecretario de Gesti\u00f3n Administrativa, Mauro Rinaldi y el director de Sistemas, Carlos Encina.<\/p>\n","protected":false},"excerpt":{"rendered":"<p>Con el objetivo de potenciar los sistemas de gesti\u00f3n educativa para fortalecer la toma de decisiones y la planificaci\u00f3n, la ministra de Educaci\u00f3n Pr\u00e1xedes L\u00f3pez mantuvo esta ma\u00f1ana una reuni\u00f3n&hellip; <\/p>\n","protected":false},"author":3,"featured_media":120233,"comment_status":"closed","ping_status":"open","sticky":false,"template":"","format":"standard","meta":{"footnotes":""},"categories":[32],"tags":[],"class_list":["post-120232","post","type-post","status-publish","format-standard","has-post-thumbnail","hentry","category-educacion"],"_links":{"self":[{"href":"https:\/\/corrientesdetarde.com\/index.php\/wp-json\/wp\/v2\/posts\/120232","targetHints":{"allow":["GET"]}}],"collection":[{"href":"https:\/\/corrientesdetarde.com\/index.php\/wp-json\/wp\/v2\/posts"}],"about":[{"href":"https:\/\/corrientesdetarde.com\/index.php\/wp-json\/wp\/v2\/types\/post"}],"author":[{"embeddable":true,"href":"https:\/\/corrientesdetarde.com\/index.php\/wp-json\/wp\/v2\/users\/3"}],"replies":[{"embeddable":true,"href":"https:\/\/corrientesdetarde.com\/index.php\/wp-json\/wp\/v2\/comments?post=120232"}],"version-history":[{"count":1,"href":"https:\/\/corrientesdetarde.com\/index.php\/wp-json\/wp\/v2\/posts\/120232\/revisions"}],"predecessor-version":[{"id":120252,"href":"https:\/\/corrientesdetarde.com\/index.php\/wp-json\/wp\/v2\/posts\/120232\/revisions\/120252"}],"wp:featuredmedia":[{"embeddable":true,"href":"https:\/\/corrientesdetarde.com\/index.php\/wp-json\/wp\/v2\/media\/120233"}],"wp:attachment":[{"href":"https:\/\/corrientesdetarde.com\/index.php\/wp-json\/wp\/v2\/media?parent=120232"}],"wp:term":[{"taxonomy":"category","embeddable":true,"href":"https:\/\/corrientesdetarde.com\/index.php\/wp-json\/wp\/v2\/categories?post=120232"},{"taxonomy":"post_tag","embeddable":true,"href":"https:\/\/corrientesdetarde.com\/index.php\/wp-json\/wp\/v2\/tags?post=120232"}],"curies":[{"name":"wp","href":"https:\/\/api.w.org\/{rel}","templated":true}]}}