{"id":120234,"date":"2024-01-23T15:01:49","date_gmt":"2024-01-23T18:01:49","guid":{"rendered":"https:\/\/corrientesdetarde.com\/?p=120234"},"modified":"2024-01-23T15:01:50","modified_gmt":"2024-01-23T18:01:50","slug":"valdes-confirmo-dias-de-pago-del-sueldo-de-enero-y-provincia-acumula-una-inyeccion-mensual-de-cerca-de-45-500-millones","status":"publish","type":"post","link":"https:\/\/corrientesdetarde.com\/index.php\/locales\/valdes-confirmo-dias-de-pago-del-sueldo-de-enero-y-provincia-acumula-una-inyeccion-mensual-de-cerca-de-45-500-millones\/","title":{"rendered":"Vald\u00e9s confirm\u00f3 d\u00edas de pago del sueldo de enero y Provincia acumula una inyecci\u00f3n mensual de cerca de $45.500 millones"},"content":{"rendered":"\n<p>A trav\u00e9s de sus redes sociales @gustavovaldesok, el gobernador Gustavo Vald\u00e9s adelant\u00f3 el cronograma de liquidaci\u00f3n de haberes. Los agentes de la administraci\u00f3n p\u00fablica provincial (activos, jubilados y pensionados), cobrar\u00e1n entre este jueves 25 y el mi\u00e9rcoles 31.<\/p>\n\n\n\n<p>El gobernador Vald\u00e9s comunic\u00f3 el pago del sueldo de enero a los agentes de la administraci\u00f3n p\u00fablica provincial. El cronograma comienza este jueves 25, d\u00eda que percibir\u00e1n aquellos con Documento Nacional de Identidad terminados en los n\u00fameros 0 y 1.<\/p>\n\n\n\n<p>El viernes 26, cobrar\u00e1n aquellos agentes con documentos finalizados en 2 y 3; el cronograma contin\u00faa el lunes 29, jornada que percibir\u00e1n aquellos con DNI terminados en 4 y 5.<\/p>\n\n\n\n<p>Este tramo estar\u00e1 disponible desde el s\u00e1bado 27, a trav\u00e9s de los cajeros autom\u00e1ticos habilitados por el Banco de Corrientes SA.<\/p>\n\n\n\n<p>El martes 30, ser\u00e1 el turno de los documentos terminados en 6 y 7;<\/p>\n\n\n\n<p>El pago del sueldo finaliza el mi\u00e9rcoles 31 con el pago a los agentes con DNI terminados en 8 y 9.<\/p>\n\n\n\n<p><strong>Beneficios y n\u00fameros<\/strong><\/p>\n\n\n\n<p>La gesti\u00f3n del gobernador Vald\u00e9s, al frente del Gobierno de Corrientes, acumular\u00e1 en este enero de 2024 una inyecci\u00f3n cercana a $34.500 millones en concepto de ingreso salarial mensual.<\/p>\n\n\n\n<p>En concepto de haberes, el Gobierno de Corrientes volc\u00f3 $31.000.000.000.<\/p>\n\n\n\n<p>Por el pago del segundo tramo -$100 mil por agente- del Bono Navide\u00f1o, el gobierno de Corrientes vuelca $10.000 millones. En concepto del Plus de Refuerzo -$25 mil- otros $2.190 millones; en los primeros d\u00edas de este enero 2024, por el Plus Unificado (Adicional Remunerativo Mensual de $27.650) unos $2.290 millones.<\/p>\n","protected":false},"excerpt":{"rendered":"<p>A trav\u00e9s de sus redes sociales @gustavovaldesok, el gobernador Gustavo Vald\u00e9s adelant\u00f3 el cronograma de liquidaci\u00f3n de haberes. Los agentes de la administraci\u00f3n p\u00fablica provincial (activos, jubilados y pensionados), cobrar\u00e1n&hellip; <\/p>\n","protected":false},"author":3,"featured_media":120235,"comment_status":"closed","ping_status":"open","sticky":false,"template":"","format":"standard","meta":{"footnotes":""},"categories":[8],"tags":[],"class_list":["post-120234","post","type-post","status-publish","format-standard","has-post-thumbnail","hentry","category-locales"],"_links":{"self":[{"href":"https:\/\/corrientesdetarde.com\/index.php\/wp-json\/wp\/v2\/posts\/120234","targetHints":{"allow":["GET"]}}],"collection":[{"href":"https:\/\/corrientesdetarde.com\/index.php\/wp-json\/wp\/v2\/posts"}],"about":[{"href":"https:\/\/corrientesdetarde.com\/index.php\/wp-json\/wp\/v2\/types\/post"}],"author":[{"embeddable":true,"href":"https:\/\/corrientesdetarde.com\/index.php\/wp-json\/wp\/v2\/users\/3"}],"replies":[{"embeddable":true,"href":"https:\/\/corrientesdetarde.com\/index.php\/wp-json\/wp\/v2\/comments?post=120234"}],"version-history":[{"count":1,"href":"https:\/\/corrientesdetarde.com\/index.php\/wp-json\/wp\/v2\/posts\/120234\/revisions"}],"predecessor-version":[{"id":120253,"href":"https:\/\/corrientesdetarde.com\/index.php\/wp-json\/wp\/v2\/posts\/120234\/revisions\/120253"}],"wp:featuredmedia":[{"embeddable":true,"href":"https:\/\/corrientesdetarde.com\/index.php\/wp-json\/wp\/v2\/media\/120235"}],"wp:attachment":[{"href":"https:\/\/corrientesdetarde.com\/index.php\/wp-json\/wp\/v2\/media?parent=120234"}],"wp:term":[{"taxonomy":"category","embeddable":true,"href":"https:\/\/corrientesdetarde.com\/index.php\/wp-json\/wp\/v2\/categories?post=120234"},{"taxonomy":"post_tag","embeddable":true,"href":"https:\/\/corrientesdetarde.com\/index.php\/wp-json\/wp\/v2\/tags?post=120234"}],"curies":[{"name":"wp","href":"https:\/\/api.w.org\/{rel}","templated":true}]}}