{"id":120238,"date":"2024-01-23T15:02:13","date_gmt":"2024-01-23T18:02:13","guid":{"rendered":"https:\/\/corrientesdetarde.com\/?p=120238"},"modified":"2024-01-23T15:02:14","modified_gmt":"2024-01-23T18:02:14","slug":"grave-incidente-con-un-colecrivo-que-trasladaba-a-una-reconocida-agrupacion-musical","status":"publish","type":"post","link":"https:\/\/corrientesdetarde.com\/index.php\/policiales\/grave-incidente-con-un-colecrivo-que-trasladaba-a-una-reconocida-agrupacion-musical\/","title":{"rendered":"Grave incidente con un colecrivo que trasladaba a una reconocida agrupaci\u00f3n musical"},"content":{"rendered":"\n<p>Los integrantes sufrieron el siniestro cuando se dirig\u00edan a Empedrado.<\/p>\n\n\n\n<p>La agrupaci\u00f3n musical Kamandukahia denunci\u00f3 un incidente con el colectivo en el que viajaban&nbsp;a la localidad correntina de Empedrado.&nbsp;<\/p>\n\n\n\n<p>Kamandukahia iba a participar de la Fiesta del R\u00edo, seg\u00fan se pudo saber.\u00a0<\/p>\n\n\n\n<p>El hecho ocurri\u00f3 el domingo por la noche, cuando el rodado&nbsp;evidenci\u00f3 un desperfecto tras llegar a la zona de camping donde el conductor debi\u00f3 chocar los bordes para frenar la marcha.<\/p>\n\n\n\n<figure class=\"wp-block-image\"><img decoding=\"async\" src=\"https:\/\/pxc.cdn.ellitoral.com.ar\/litoral\/012024\/1706021886587.webp?cw=446&amp;ch=600&amp;extw=jpg\" alt=\"Grave incidente con un colecrivo que trasladaba a una reconocida agrupaci\u00f3n musical\"\/><\/figure>\n\n\n\n<p>Fuentes de la comisi\u00f3n se\u00f1alaron que &#8220;fue una desgracia con suerte&#8221;.<\/p>\n\n\n\n<p>&#8220;Cuatro personas sufrieron lesiones: tres en la cabeza y una en el brazo&#8221;, precisaron a este medio.&nbsp;<\/p>\n\n\n\n<p>Todos los herifos fueron trasladados al hospital&nbsp;local donde se les hizo los ex\u00e1menes correspondientes.&nbsp;<\/p>\n\n\n\n<p>Adem\u00e1s, los comparseros definieron al veh\u00edculo como &#8220;viejo, sin frenos ni seguro&#8221;.<\/p>\n\n\n\n<p>Asimismo, los integrantes de la agrupaci\u00f3n musical se\u00f1alaron que &#8220;por suerte (el incidente) no fue en la ruta,&nbsp;imaginen si quedaba sin frenos en plena ruta&#8221;.<\/p>\n","protected":false},"excerpt":{"rendered":"<p>Los integrantes sufrieron el siniestro cuando se dirig\u00edan a Empedrado. La agrupaci\u00f3n musical Kamandukahia denunci\u00f3 un incidente con el colectivo en el que viajaban&nbsp;a la localidad correntina de Empedrado.&nbsp; Kamandukahia&hellip; <\/p>\n","protected":false},"author":3,"featured_media":120242,"comment_status":"closed","ping_status":"open","sticky":false,"template":"","format":"standard","meta":{"footnotes":""},"categories":[33],"tags":[],"class_list":["post-120238","post","type-post","status-publish","format-standard","has-post-thumbnail","hentry","category-policiales"],"_links":{"self":[{"href":"https:\/\/corrientesdetarde.com\/index.php\/wp-json\/wp\/v2\/posts\/120238","targetHints":{"allow":["GET"]}}],"collection":[{"href":"https:\/\/corrientesdetarde.com\/index.php\/wp-json\/wp\/v2\/posts"}],"about":[{"href":"https:\/\/corrientesdetarde.com\/index.php\/wp-json\/wp\/v2\/types\/post"}],"author":[{"embeddable":true,"href":"https:\/\/corrientesdetarde.com\/index.php\/wp-json\/wp\/v2\/users\/3"}],"replies":[{"embeddable":true,"href":"https:\/\/corrientesdetarde.com\/index.php\/wp-json\/wp\/v2\/comments?post=120238"}],"version-history":[{"count":1,"href":"https:\/\/corrientesdetarde.com\/index.php\/wp-json\/wp\/v2\/posts\/120238\/revisions"}],"predecessor-version":[{"id":120256,"href":"https:\/\/corrientesdetarde.com\/index.php\/wp-json\/wp\/v2\/posts\/120238\/revisions\/120256"}],"wp:featuredmedia":[{"embeddable":true,"href":"https:\/\/corrientesdetarde.com\/index.php\/wp-json\/wp\/v2\/media\/120242"}],"wp:attachment":[{"href":"https:\/\/corrientesdetarde.com\/index.php\/wp-json\/wp\/v2\/media?parent=120238"}],"wp:term":[{"taxonomy":"category","embeddable":true,"href":"https:\/\/corrientesdetarde.com\/index.php\/wp-json\/wp\/v2\/categories?post=120238"},{"taxonomy":"post_tag","embeddable":true,"href":"https:\/\/corrientesdetarde.com\/index.php\/wp-json\/wp\/v2\/tags?post=120238"}],"curies":[{"name":"wp","href":"https:\/\/api.w.org\/{rel}","templated":true}]}}