{"id":120249,"date":"2024-01-23T16:00:59","date_gmt":"2024-01-23T19:00:59","guid":{"rendered":"https:\/\/corrientesdetarde.com\/?p=120249"},"modified":"2024-01-23T16:01:01","modified_gmt":"2024-01-23T19:01:01","slug":"dengue-declararon-la-emergencia-sanitaria-en-una-localidad-correntina","status":"publish","type":"post","link":"https:\/\/corrientesdetarde.com\/index.php\/informacion-general\/dengue-declararon-la-emergencia-sanitaria-en-una-localidad-correntina\/","title":{"rendered":"Dengue: declararon la emergencia sanitaria en una localidad correntina"},"content":{"rendered":"\n<p>Se busca que el gobierno realice todas las gestiones necesarias para el tratamiento de esta problem\u00e1tica.\u00a0<\/p>\n\n\n\n<p>Los concejales de la localidad correntina de Santo Tom\u00e9 declararon&nbsp;emergencia sanitaria por la cantidad de casos de dengue.&nbsp;<\/p>\n\n\n\n<p>&#8220;Habiendo un riesgo epidemiol\u00f3gico en toda la zona, y que las temperaturas templadas con altos \u00edndices de humedad son \u00f3ptimas para la proliferaci\u00f3n del mosquito aedes aegypti&#8221;, destacaron.<\/p>\n\n\n\n<p>Adem\u00e1s, expresaron que resulta necesario profundizar y reforzar las medidas de prevenci\u00f3n y control para tratar de frenar el avance de la enfermedad.<\/p>\n\n\n\n<p>A su vez, los ediles&nbsp;agregaron&nbsp;que con la declaraci\u00f3n de emergencia en todo el \u00e1mbito del municipio, se busca profundizar todas las medidas de prevenci\u00f3n, control, desmalezado, fumigaci\u00f3n, descacharrado y toda otra acci\u00f3n tendiente a frenar la problem\u00e1tica.&nbsp;<\/p>\n\n\n\n<p>Por lo tanto, se busca concientizar a la poblaci\u00f3n a trav\u00e9s de los promotores sanitarios, medios de comunicaci\u00f3n masivos y dem\u00e1s medios, en relaci\u00f3n a la problem\u00e1tica y las acciones preventivas que deben llevar a cabo en sus casas.<\/p>\n\n\n\n<p>Cabe destacar que se intimar\u00e1 a los propietarios a que procedan a la limpieza, descacharrizaci\u00f3n, desmalezamiento de sus terrenos, bald\u00edos y dem\u00e1s acciones tendientes a eliminar los criaderos del mosquito.&nbsp;<\/p>\n\n\n\n<p><strong>En total, los casos activos de dengue en Santo Tom\u00e9 es de 12 pacientes, y los acumulados son 45 desde el inicio del a\u00f1o, seg\u00fan lo confirm\u00f3 el doctor Ram\u00f3n Victoria, director del Hospital San Juan Bautista de esta ciudad.<\/strong><\/p>\n","protected":false},"excerpt":{"rendered":"<p>Se busca que el gobierno realice todas las gestiones necesarias para el tratamiento de esta problem\u00e1tica.\u00a0 Los concejales de la localidad correntina de Santo Tom\u00e9 declararon&nbsp;emergencia sanitaria por la cantidad&hellip; <\/p>\n","protected":false},"author":3,"featured_media":120258,"comment_status":"closed","ping_status":"open","sticky":false,"template":"","format":"standard","meta":{"footnotes":""},"categories":[1],"tags":[],"class_list":["post-120249","post","type-post","status-publish","format-standard","has-post-thumbnail","hentry","category-informacion-general"],"_links":{"self":[{"href":"https:\/\/corrientesdetarde.com\/index.php\/wp-json\/wp\/v2\/posts\/120249","targetHints":{"allow":["GET"]}}],"collection":[{"href":"https:\/\/corrientesdetarde.com\/index.php\/wp-json\/wp\/v2\/posts"}],"about":[{"href":"https:\/\/corrientesdetarde.com\/index.php\/wp-json\/wp\/v2\/types\/post"}],"author":[{"embeddable":true,"href":"https:\/\/corrientesdetarde.com\/index.php\/wp-json\/wp\/v2\/users\/3"}],"replies":[{"embeddable":true,"href":"https:\/\/corrientesdetarde.com\/index.php\/wp-json\/wp\/v2\/comments?post=120249"}],"version-history":[{"count":1,"href":"https:\/\/corrientesdetarde.com\/index.php\/wp-json\/wp\/v2\/posts\/120249\/revisions"}],"predecessor-version":[{"id":120280,"href":"https:\/\/corrientesdetarde.com\/index.php\/wp-json\/wp\/v2\/posts\/120249\/revisions\/120280"}],"wp:featuredmedia":[{"embeddable":true,"href":"https:\/\/corrientesdetarde.com\/index.php\/wp-json\/wp\/v2\/media\/120258"}],"wp:attachment":[{"href":"https:\/\/corrientesdetarde.com\/index.php\/wp-json\/wp\/v2\/media?parent=120249"}],"wp:term":[{"taxonomy":"category","embeddable":true,"href":"https:\/\/corrientesdetarde.com\/index.php\/wp-json\/wp\/v2\/categories?post=120249"},{"taxonomy":"post_tag","embeddable":true,"href":"https:\/\/corrientesdetarde.com\/index.php\/wp-json\/wp\/v2\/tags?post=120249"}],"curies":[{"name":"wp","href":"https:\/\/api.w.org\/{rel}","templated":true}]}}