{"id":120250,"date":"2024-01-23T16:01:04","date_gmt":"2024-01-23T19:01:04","guid":{"rendered":"https:\/\/corrientesdetarde.com\/?p=120250"},"modified":"2024-01-23T21:37:50","modified_gmt":"2024-01-24T00:37:50","slug":"confirmado-este-miercoles-habra-paro-de-colectivos-en-corrientes","status":"publish","type":"post","link":"https:\/\/corrientesdetarde.com\/index.php\/informacion-general\/confirmado-este-miercoles-habra-paro-de-colectivos-en-corrientes\/","title":{"rendered":"Confirmado: este mi\u00e9rcoles habr\u00e1 paro de colectivos en Corrientes"},"content":{"rendered":"\n<p>La UTA ratific\u00f3 que se suma a la medida de fuerza lanzada&nbsp;por la CGT a nivel nacional.&nbsp;<\/p>\n\n\n\n<p>La Uni\u00f3n&nbsp;Tranviarios Automotor (UTA) ratific\u00f3&nbsp;el paro de colectivos previsto para este mi\u00e9rcoles,&nbsp;&nbsp;<strong>con una duraci\u00f3n de&nbsp;cinco horas<\/strong>&nbsp; en Corrientes.<\/p>\n\n\n\n<p>El secretario general de la UTA&nbsp;Corrientes, Jos\u00e9 Luis Sabao, confirm\u00f3 a El Litoral&nbsp;que el gremio se sum\u00f3 al paro general previsto para ma\u00f1ana a nivel nacional y&nbsp;&nbsp;<strong>no se&nbsp;prestar\u00e1&nbsp;servicio de colectivos en Corrientes&nbsp;desde las 19 hasta las 00.<\/strong><\/p>\n\n\n\n<p>La medida se enmarca en la movilizaci\u00f3n anunciada a nivel nacional por la Confederaci\u00f3n General del Trabajo (CGT) en reclamo a las medidas dispuestas por el gobierno de Javier Milei.&nbsp;<\/p>\n\n\n\n<p>D\u00edas atr\u00e1s la UTA hab\u00eda anunciado que acompa\u00f1ar\u00eda la movilizaci\u00f3n: &#8220;No habr\u00e1 servicio de colectivos en Corrientes este mi\u00e9rcoles 24 a partir de las 19 horas de ese d\u00eda hasta las 23.59 horas de ese d\u00eda. Desde el 25, se retomar\u00e1 la prestaci\u00f3n en horario normal&#8221;, explicaron.<\/p>\n\n\n\n<p>Este mi\u00e9rcoles 24 de enero se llevar\u00e1 adelante el paro general convocado por la CGT&nbsp;en contra de las modificaciones a la legislaci\u00f3n laboral que incluyen el DNU de desregulaci\u00f3n de la econom\u00eda y el proyecto de ley \u00f3mnibus, llamado \u201cBases y Puntos de Partida para la Libertad de los Argentinos\u201d, impulsados por el Gobierno de Javier Milei.<\/p>\n\n\n\n<p>La medida de fuerza, que involucra una movilizaci\u00f3n hacia el Congreso de la Naci\u00f3n, iniciar\u00e1 a partir de las 12 horas y concluir\u00e1 a la medianoche, afectando el normal funcionamiento de diversas actividades y servicios en el \u00c1rea Metropolitana de Buenos Aires.<\/p>\n\n\n\n<p>Desde la CGT esperan una movilizaci\u00f3n masiva con la participaci\u00f3n de m\u00e1s 200 mil personas.&nbsp;<\/p>\n","protected":false},"excerpt":{"rendered":"<p>La UTA ratific\u00f3 que se suma a la medida de fuerza lanzada&nbsp;por la CGT a nivel nacional.&nbsp; La Uni\u00f3n&nbsp;Tranviarios Automotor (UTA) ratific\u00f3&nbsp;el paro de colectivos previsto para este mi\u00e9rcoles,&nbsp;&nbsp;con una&hellip; <\/p>\n","protected":false},"author":3,"featured_media":120259,"comment_status":"closed","ping_status":"open","sticky":false,"template":"","format":"standard","meta":{"footnotes":""},"categories":[23,1],"tags":[],"class_list":["post-120250","post","type-post","status-publish","format-standard","has-post-thumbnail","hentry","category-actualidad","category-informacion-general"],"_links":{"self":[{"href":"https:\/\/corrientesdetarde.com\/index.php\/wp-json\/wp\/v2\/posts\/120250","targetHints":{"allow":["GET"]}}],"collection":[{"href":"https:\/\/corrientesdetarde.com\/index.php\/wp-json\/wp\/v2\/posts"}],"about":[{"href":"https:\/\/corrientesdetarde.com\/index.php\/wp-json\/wp\/v2\/types\/post"}],"author":[{"embeddable":true,"href":"https:\/\/corrientesdetarde.com\/index.php\/wp-json\/wp\/v2\/users\/3"}],"replies":[{"embeddable":true,"href":"https:\/\/corrientesdetarde.com\/index.php\/wp-json\/wp\/v2\/comments?post=120250"}],"version-history":[{"count":2,"href":"https:\/\/corrientesdetarde.com\/index.php\/wp-json\/wp\/v2\/posts\/120250\/revisions"}],"predecessor-version":[{"id":120337,"href":"https:\/\/corrientesdetarde.com\/index.php\/wp-json\/wp\/v2\/posts\/120250\/revisions\/120337"}],"wp:featuredmedia":[{"embeddable":true,"href":"https:\/\/corrientesdetarde.com\/index.php\/wp-json\/wp\/v2\/media\/120259"}],"wp:attachment":[{"href":"https:\/\/corrientesdetarde.com\/index.php\/wp-json\/wp\/v2\/media?parent=120250"}],"wp:term":[{"taxonomy":"category","embeddable":true,"href":"https:\/\/corrientesdetarde.com\/index.php\/wp-json\/wp\/v2\/categories?post=120250"},{"taxonomy":"post_tag","embeddable":true,"href":"https:\/\/corrientesdetarde.com\/index.php\/wp-json\/wp\/v2\/tags?post=120250"}],"curies":[{"name":"wp","href":"https:\/\/api.w.org\/{rel}","templated":true}]}}