{"id":120260,"date":"2024-01-23T16:01:42","date_gmt":"2024-01-23T19:01:42","guid":{"rendered":"https:\/\/corrientesdetarde.com\/?p=120260"},"modified":"2024-01-23T16:01:46","modified_gmt":"2024-01-23T19:01:46","slug":"la-magia-del-carnaval-artesanal-monte-caseros-deslumbro-con-sus-comparsas","status":"publish","type":"post","link":"https:\/\/corrientesdetarde.com\/index.php\/cultura\/la-magia-del-carnaval-artesanal-monte-caseros-deslumbro-con-sus-comparsas\/","title":{"rendered":"La magia del Carnaval Artesanal: Monte Caseros deslumbr\u00f3 con sus comparsas"},"content":{"rendered":"\n<p>Sorpresas, brillos y alegr\u00eda formaron parte de la primera noche de Carnaval en la localidad correntina.\u00a0<\/p>\n\n\n\n<p>A la vera del r\u00edo Uruguay, este s\u00e1bado se vivi\u00f3 la primera noche de carnaval en la localidad correntina de Monte Caseros y su esplendor y energ\u00eda se vivi\u00f3 toda la ciudad, en donde miles de vecinos y turistas&nbsp;se reunieron en el Cors\u00f3dromo \u201cPaso de los Higos\u201d para celebrar junto a las siete comparsas que desfilaron por el mismo.<\/p>\n\n\n\n<p>La magia del&nbsp;Carnaval Artesanal comenz\u00f3 de la mano de la agrupaci\u00f3n Car\u00famber\u00e1cito, integrada por los apasionados m\u00e1s peque\u00f1os, quienes desde la cuna viven esta tradici\u00f3n y deslumbraron con su energ\u00eda y esplendor.&nbsp;<\/p>\n\n\n\n<p>En la oportunidad, tambi\u00e9n fueron protagonistas de la noche&nbsp;las comparsas&nbsp;&nbsp;Grupo Alegr\u00eda, Orfeito, Car\u00fan Ber\u00e1, Ilusiones,&nbsp;Unasam y&nbsp; Orfeo.<\/p>\n\n\n\n<figure class=\"wp-block-image\"><img decoding=\"async\" src=\"https:\/\/pxc.cdn.ellitoral.com.ar\/litoral\/012024\/1706015404356.webp?cw=675&amp;ch=1500&amp;extw=jpeg\" alt=\"La magia del Carnaval Artesanal: Monte Caseros deslumbr\u00f3 con sus comparsas\"\/><\/figure>\n\n\n\n<p>Para Corrientes los carnavales representan una parte esencial de la cultura, donde cada verano en toda la provincia, miles de hombres, mujeres y ni\u00f1os bordan sus trajes, ensayan las coreograf\u00edas y forman grandes producciones para convertirse en parte de la historia viviente de la cultura.<\/p>\n\n\n\n<p><strong>\u201cEl Carnaval nunca est\u00e1 vac\u00edo, es una pasi\u00f3n que se renueva cada a\u00f1o\u201d<\/strong>,&nbsp; comenta una abuela de la localidad montecasere\u00f1a quien acompa\u00f1a a sus nietos y comparte la tradici\u00f3n de formar parte de una comparsa.&nbsp;<\/p>\n\n\n\n<p>Por su parte, la representante de Alma Producciones, Graciela Borr\u00e9, destac\u00f3 la pasi\u00f3n y compromiso compartidos para sacar adelante la festividad.&nbsp;<\/p>\n\n\n\n<p><strong>\u201cAc\u00e1 se respira Carnaval, es una ciudad que lo respira y eso es \u00a0algo incre\u00edble, no pasa en todos lados, trabajan todo el a\u00f1o para esto\u201d,\u00a0\u00a0<\/strong>dijo en declaraciones.\u00a0<\/p>\n\n\n\n<p>Sobre el proceso de organizaci\u00f3n destac\u00f3: \u201cTodo est\u00e1 controlado, estamos trabajando desde el mes de junio, en el mes de julio firmamos los contratos y los pagos comenzaron en agosto\u201d.<\/p>\n\n\n\n<p>Adem\u00e1s adelant\u00f3 que con la organizaci\u00f3n se encargaron de preparar peque\u00f1as sorpresas para los espectadores durante cada noche para lograr crear un ambiente \u00fanico&nbsp;e inolvidable.&nbsp;<\/p>\n\n\n\n<p>Para Monte Caseros el Carnaval representa una firme oportunidad de crecimiento econ\u00f3mico y tur\u00edstico.<\/p>\n\n\n\n<p>Al respecto el intendente local,&nbsp;Juan Carlos \u00c1lvarez, coment\u00f3: \u201cEl carnaval es una industria que genera empleo, genera movimiento econ\u00f3mico en Monte Caseros, en donde nuestros sectores hoteleros y gastron\u00f3micos puede recibir a cientos de turistas y nos genera ingresos en estos tiempos\u201d.&nbsp;<\/p>\n\n\n\n<p>Y agreg\u00f3:&nbsp;\u201cLa gente est\u00e1 contenta porque ve el esfuerzo y en trabajo, no nos quedamos con un cosm\u00f3dromo&nbsp;que siempre encuentran lo mismo, hacemos inversiones y mejoramos los servicios al p\u00fablico\u201d.<\/p>\n\n\n\n<figure class=\"wp-block-image\"><img decoding=\"async\" src=\"https:\/\/pxc.cdn.ellitoral.com.ar\/litoral\/012024\/1706015401010.webp?cw=1200&amp;ch=900&amp;extw=jpg\" alt=\"La magia del Carnaval Artesanal: Monte Caseros deslumbr\u00f3 con sus comparsas\"\/><\/figure>\n\n\n\n<p>\u201cEstamos felices porque la inversi\u00f3n que hemos hecho en cada comparsa se refleja ahora en sus desfiles\u201d, expres\u00f3 el funcionario.&nbsp;<\/p>\n\n\n\n<p>En la oportunidad fue la comparsa Car\u00fan Ber\u00e1 quien celebrando sus 50 a\u00f1os deslumbr\u00f3 al p\u00fablico con sus trajes y carrozas, donde la pasi\u00f3n qued\u00f3 materializada en cada comparsero y rindieron homenaje a los artesanos brillantes.<\/p>\n\n\n\n<p>\u201cPara nosotros el carnaval es historia, es hist\u00f3rico, es algo cultural en Monte Caseros, yo soy parte de Car\u00fan Ber\u00e1 y para m\u00ed es un sentimiento y nos agrada mucho estar aqu\u00ed presente\u201d, expres\u00f3 uno de sus bailarines.&nbsp;<\/p>\n\n\n\n<p>El compromiso de cada comparsero, el amor y sacrificio&nbsp;de cada familia que acompa\u00f1a a quienes bailan, el compa\u00f1erismo que se vive entre quienes integran las distintas agrupaciones y la constante pasi\u00f3n que transmite el p\u00fablico desde las tribunas crean un ambiente de euforia y alegr\u00eda dif\u00edcil de explicar para quienes nunca fueron parte de este arte que representa mucha m\u00e1s all\u00e1 de un simple desfile.&nbsp;<\/p>\n\n\n\n<p><strong>\u201cMonte Caseros es Carnaval\u201d<\/strong>, recitan los vecinos cuando se intenta entender una pasi\u00f3n \u00fanica en el mundo que brilla a\u00fan en los tiempos m\u00e1s dif\u00edciles y que logr\u00f3 convocar m\u00e1s de 8&nbsp;mil personas en su primera noche.<\/p>\n","protected":false},"excerpt":{"rendered":"<p>Sorpresas, brillos y alegr\u00eda formaron parte de la primera noche de Carnaval en la localidad correntina.\u00a0 A la vera del r\u00edo Uruguay, este s\u00e1bado se vivi\u00f3 la primera noche de&hellip; <\/p>\n","protected":false},"author":3,"featured_media":120261,"comment_status":"closed","ping_status":"open","sticky":false,"template":"","format":"standard","meta":{"footnotes":""},"categories":[15],"tags":[],"class_list":["post-120260","post","type-post","status-publish","format-standard","has-post-thumbnail","hentry","category-cultura"],"_links":{"self":[{"href":"https:\/\/corrientesdetarde.com\/index.php\/wp-json\/wp\/v2\/posts\/120260","targetHints":{"allow":["GET"]}}],"collection":[{"href":"https:\/\/corrientesdetarde.com\/index.php\/wp-json\/wp\/v2\/posts"}],"about":[{"href":"https:\/\/corrientesdetarde.com\/index.php\/wp-json\/wp\/v2\/types\/post"}],"author":[{"embeddable":true,"href":"https:\/\/corrientesdetarde.com\/index.php\/wp-json\/wp\/v2\/users\/3"}],"replies":[{"embeddable":true,"href":"https:\/\/corrientesdetarde.com\/index.php\/wp-json\/wp\/v2\/comments?post=120260"}],"version-history":[{"count":1,"href":"https:\/\/corrientesdetarde.com\/index.php\/wp-json\/wp\/v2\/posts\/120260\/revisions"}],"predecessor-version":[{"id":120283,"href":"https:\/\/corrientesdetarde.com\/index.php\/wp-json\/wp\/v2\/posts\/120260\/revisions\/120283"}],"wp:featuredmedia":[{"embeddable":true,"href":"https:\/\/corrientesdetarde.com\/index.php\/wp-json\/wp\/v2\/media\/120261"}],"wp:attachment":[{"href":"https:\/\/corrientesdetarde.com\/index.php\/wp-json\/wp\/v2\/media?parent=120260"}],"wp:term":[{"taxonomy":"category","embeddable":true,"href":"https:\/\/corrientesdetarde.com\/index.php\/wp-json\/wp\/v2\/categories?post=120260"},{"taxonomy":"post_tag","embeddable":true,"href":"https:\/\/corrientesdetarde.com\/index.php\/wp-json\/wp\/v2\/tags?post=120260"}],"curies":[{"name":"wp","href":"https:\/\/api.w.org\/{rel}","templated":true}]}}