{"id":120264,"date":"2024-01-23T16:01:52","date_gmt":"2024-01-23T19:01:52","guid":{"rendered":"https:\/\/corrientesdetarde.com\/?p=120264"},"modified":"2024-01-23T16:01:53","modified_gmt":"2024-01-23T19:01:53","slug":"intensa-busqueda-de-un-joven-que-desaparecio-hace-tres-dias","status":"publish","type":"post","link":"https:\/\/corrientesdetarde.com\/index.php\/policiales\/intensa-busqueda-de-un-joven-que-desaparecio-hace-tres-dias\/","title":{"rendered":"Intensa b\u00fasqueda de un joven que desapareci\u00f3 hace tres d\u00edas"},"content":{"rendered":"\n<p>La Polic\u00eda inform\u00f3 que no aparece en su domicilio desde el viernes.\u00a0<\/p>\n\n\n\n<p>La Polic\u00eda inform\u00f3 este lunes que inici\u00f3 la b\u00fasqueda de un joven que desapareci\u00f3&nbsp;en la ciudad de Corrientes.<\/p>\n\n\n\n<p>El hombre identificado como Mauro Iv\u00e1n Fern\u00e1ndez, de 29 a\u00f1os, sali\u00f3 de su domicilio, en el barrio Punta Taitalo, el viernes a la noche y no regres\u00f3.&nbsp;<\/p>\n\n\n\n<p>Fern\u00e1ndez presenta como caracter\u00edsticas f\u00edsicas tez morena, contextura delgada, cabellos cortos con reflejos de color amarillo y&nbsp;posee tatuajes en el antebrazo&nbsp;derecho (con el nombre de Dilan),&nbsp;en el cuello (una flor),&nbsp;en el pecho (una estrella) y en ambos hombros.<\/p>\n\n\n\n<figure class=\"wp-block-image\"><img decoding=\"async\" src=\"https:\/\/pxc.cdn.ellitoral.com.ar\/litoral\/012024\/1705950335616.webp?cw=493&amp;ch=960&amp;extw=jpeg\" alt=\"Intensa b\u00fasqueda de un joven que desapareci\u00f3 hace tres d\u00edas\"\/><\/figure>\n\n\n\n<p>Al momento de su desaparici\u00f3n vest\u00eda&nbsp;una remera musculosa, de color negro, del club Boca Juniors; shorts deportivos&nbsp;color negro y calzaba suecos crocs&nbsp;de color negro.<\/p>\n\n\n\n<p>Quienes puedan aportar datos pueden comunicarse al&nbsp;4-484.557, o dirigirse a la Dependencia Policial m\u00e1s cercana a su domicilio. Tambi\u00e9n est\u00e1 habilitado el Sistema Integral de Seguridad (SIS) 911 en la Capital y 101 en el interior provincial.<\/p>\n","protected":false},"excerpt":{"rendered":"<p>La Polic\u00eda inform\u00f3 que no aparece en su domicilio desde el viernes.\u00a0 La Polic\u00eda inform\u00f3 este lunes que inici\u00f3 la b\u00fasqueda de un joven que desapareci\u00f3&nbsp;en la ciudad de Corrientes.&hellip; <\/p>\n","protected":false},"author":3,"featured_media":120265,"comment_status":"closed","ping_status":"open","sticky":false,"template":"","format":"standard","meta":{"footnotes":""},"categories":[33],"tags":[],"class_list":["post-120264","post","type-post","status-publish","format-standard","has-post-thumbnail","hentry","category-policiales"],"_links":{"self":[{"href":"https:\/\/corrientesdetarde.com\/index.php\/wp-json\/wp\/v2\/posts\/120264","targetHints":{"allow":["GET"]}}],"collection":[{"href":"https:\/\/corrientesdetarde.com\/index.php\/wp-json\/wp\/v2\/posts"}],"about":[{"href":"https:\/\/corrientesdetarde.com\/index.php\/wp-json\/wp\/v2\/types\/post"}],"author":[{"embeddable":true,"href":"https:\/\/corrientesdetarde.com\/index.php\/wp-json\/wp\/v2\/users\/3"}],"replies":[{"embeddable":true,"href":"https:\/\/corrientesdetarde.com\/index.php\/wp-json\/wp\/v2\/comments?post=120264"}],"version-history":[{"count":1,"href":"https:\/\/corrientesdetarde.com\/index.php\/wp-json\/wp\/v2\/posts\/120264\/revisions"}],"predecessor-version":[{"id":120285,"href":"https:\/\/corrientesdetarde.com\/index.php\/wp-json\/wp\/v2\/posts\/120264\/revisions\/120285"}],"wp:featuredmedia":[{"embeddable":true,"href":"https:\/\/corrientesdetarde.com\/index.php\/wp-json\/wp\/v2\/media\/120265"}],"wp:attachment":[{"href":"https:\/\/corrientesdetarde.com\/index.php\/wp-json\/wp\/v2\/media?parent=120264"}],"wp:term":[{"taxonomy":"category","embeddable":true,"href":"https:\/\/corrientesdetarde.com\/index.php\/wp-json\/wp\/v2\/categories?post=120264"},{"taxonomy":"post_tag","embeddable":true,"href":"https:\/\/corrientesdetarde.com\/index.php\/wp-json\/wp\/v2\/tags?post=120264"}],"curies":[{"name":"wp","href":"https:\/\/api.w.org\/{rel}","templated":true}]}}