{"id":120266,"date":"2024-01-23T17:00:12","date_gmt":"2024-01-23T20:00:12","guid":{"rendered":"https:\/\/corrientesdetarde.com\/?p=120266"},"modified":"2024-01-23T17:00:24","modified_gmt":"2024-01-23T20:00:24","slug":"corrientes-habilitaron-el-puente-del-arroyo-pariopa-para-peatones-y-motos","status":"publish","type":"post","link":"https:\/\/corrientesdetarde.com\/index.php\/informacion-general\/corrientes-habilitaron-el-puente-del-arroyo-pariopa-para-peatones-y-motos\/","title":{"rendered":"Corrientes: habilitaron el puente del arroyo Pariop\u00e1 para peatones y motos"},"content":{"rendered":"\n<p>Indicaron que el viernes 26 de enero se habilitar\u00e1 el tr\u00e1nsito liviano, en tanto que a partir del lunes 29 de enero, a las 8, ya podr\u00e1 circular el tr\u00e1nsito pesado. Cabe recordar que este tramo permanec\u00eda cerrado desde el 20 de noviembre.\u00a0<\/p>\n\n\n\n<p>Ya se encuentra habilitado el tr\u00e1nsito peatonal y de motos sobre el puente del Arroyo Pariop\u00e1 en la Ruta Provincial 94, sector que estuvo cortado por deterioro desde el 20 de noviembre.<\/p>\n\n\n\n<p>Este viernes 26 de enero, en tanto, a las 8 se habilitar\u00e1 el tr\u00e1nsito liviano sobre el puente recientemente reparado, y a partir del lunes 29 de enero, a las 8, ya podr\u00e1 pasar el tr\u00e1nsito pesado. As\u00ed se indic\u00f3 desde Vialidad Provincial de Corrientes en las \u00faltimas horas.<\/p>\n\n\n\n<p>La \u00faltima gran crecida del r\u00edo Uruguay dej\u00f3 como consecuencia el deterioro total de los puentes sobre el arroyo Itacu\u00e1 (que une Santo Tom\u00e9 con paraje Atalaya) y sobre el arroyo Pariop\u00e1 (que une Santo Tom\u00e9 con la provincia de Misiones), sobre la Ruta Provincial 94. El corte total sobre esa arteria provincial se dio el 20 de noviembre.<\/p>\n\n\n\n<p>El primero de los puentes fue reparado, y para fines de diciembre ya pod\u00eda circular el tr\u00e1nsito liviano. Y el segundo, que tambi\u00e9n entr\u00f3 en un proceso de reparaci\u00f3n integral, se habilitar\u00e1 este viernes para tr\u00e1nsito liviano.<\/p>\n","protected":false},"excerpt":{"rendered":"<p>Indicaron que el viernes 26 de enero se habilitar\u00e1 el tr\u00e1nsito liviano, en tanto que a partir del lunes 29 de enero, a las 8, ya podr\u00e1 circular el tr\u00e1nsito&hellip; <\/p>\n","protected":false},"author":3,"featured_media":120272,"comment_status":"closed","ping_status":"open","sticky":false,"template":"","format":"standard","meta":{"footnotes":""},"categories":[1],"tags":[],"class_list":["post-120266","post","type-post","status-publish","format-standard","has-post-thumbnail","hentry","category-informacion-general"],"_links":{"self":[{"href":"https:\/\/corrientesdetarde.com\/index.php\/wp-json\/wp\/v2\/posts\/120266","targetHints":{"allow":["GET"]}}],"collection":[{"href":"https:\/\/corrientesdetarde.com\/index.php\/wp-json\/wp\/v2\/posts"}],"about":[{"href":"https:\/\/corrientesdetarde.com\/index.php\/wp-json\/wp\/v2\/types\/post"}],"author":[{"embeddable":true,"href":"https:\/\/corrientesdetarde.com\/index.php\/wp-json\/wp\/v2\/users\/3"}],"replies":[{"embeddable":true,"href":"https:\/\/corrientesdetarde.com\/index.php\/wp-json\/wp\/v2\/comments?post=120266"}],"version-history":[{"count":1,"href":"https:\/\/corrientesdetarde.com\/index.php\/wp-json\/wp\/v2\/posts\/120266\/revisions"}],"predecessor-version":[{"id":120286,"href":"https:\/\/corrientesdetarde.com\/index.php\/wp-json\/wp\/v2\/posts\/120266\/revisions\/120286"}],"wp:featuredmedia":[{"embeddable":true,"href":"https:\/\/corrientesdetarde.com\/index.php\/wp-json\/wp\/v2\/media\/120272"}],"wp:attachment":[{"href":"https:\/\/corrientesdetarde.com\/index.php\/wp-json\/wp\/v2\/media?parent=120266"}],"wp:term":[{"taxonomy":"category","embeddable":true,"href":"https:\/\/corrientesdetarde.com\/index.php\/wp-json\/wp\/v2\/categories?post=120266"},{"taxonomy":"post_tag","embeddable":true,"href":"https:\/\/corrientesdetarde.com\/index.php\/wp-json\/wp\/v2\/tags?post=120266"}],"curies":[{"name":"wp","href":"https:\/\/api.w.org\/{rel}","templated":true}]}}