{"id":120267,"date":"2024-01-23T17:00:33","date_gmt":"2024-01-23T20:00:33","guid":{"rendered":"https:\/\/corrientesdetarde.com\/?p=120267"},"modified":"2024-01-23T17:00:34","modified_gmt":"2024-01-23T20:00:34","slug":"alerta-y-movilizacion-por-el-mal-estado-de-los-caminos-de-acceso-a-pellegrini","status":"publish","type":"post","link":"https:\/\/corrientesdetarde.com\/index.php\/informacion-general\/alerta-y-movilizacion-por-el-mal-estado-de-los-caminos-de-acceso-a-pellegrini\/","title":{"rendered":"Alerta y movilizaci\u00f3n por el mal estado de los caminos de acceso a Pellegrini"},"content":{"rendered":"\n<p>Tras una reuni\u00f3n con distintos sectores afectados, la C\u00e1mara de Turismo del Iber\u00e1 solicit\u00f3 una reuni\u00f3n con el gobernador Gustavo Vald\u00e9s para establecer un plan de corto, mediano y largo plazo que posibilite mejorar la transitabilidad de las zonas afectadas. &#8220;Las p\u00e9rdidas econ\u00f3micas que genera el mal estado de las rutas son grav\u00edsimas&#8221;, adelantaron.\u00a0\u00a0<\/p>\n\n\n\n<p>El pasado jueves 18 de enero, se llev\u00f3 a cabo una reuni\u00f3n multisectorial organizada por la C\u00e1mara de Turismo del Iber\u00e1, convocando a los distintos actores econ\u00f3micos que sufren el abandono de las rutas 40, 41, 36, 37, 114 y 42. Es la primera vez que se organiza una reuni\u00f3n tan diversa por este motivo.<\/p>\n\n\n\n<p>Participaron: asociaciones forestales, empresas forestales, el INTA, las Sociedades Rurales de Mercedes, La Cruz y Santo Tom\u00e9, emprendedores tur\u00edsticos, c\u00e1maras de turismo local y provincial, entre otros varios. Aproximadamente 37 participantes.&nbsp;<\/p>\n\n\n\n<p>Del encuentro acordaron solicitar una reuni\u00f3n con el gobernador Gustavo Vald\u00e9s, en este contexto, en el d\u00eda de la fecha se entreg\u00f3 en mesa de entrada el pedido para el referente provincial. El objetivo es poner en com\u00fan los inconvenientes generados a ra\u00edz de esta situaci\u00f3n.&nbsp;<\/p>\n\n\n\n<p>&#8220;Las p\u00e9rdidas econ\u00f3micas que genera el mal estado de las rutas son grav\u00edsimas. Es producci\u00f3n que no puede salir del campo, son retrasos en las fechas de entrega y en la planificaci\u00f3n de las tareas, es mantenimiento del campo que no se puede realizar, son pasajeros que no pueden ingresar a Pellegrini y luego lo divulgan, son chasis volcados, aver\u00edas en los transportes, roturas de cubiertas, es encarecimiento de las labores, de los bienes de consumo que abastecen a la localidad de Colonia Carlos Pellegrini, entre otros&#8221;, enumeraron.<\/p>\n\n\n\n<figure class=\"wp-block-image\"><img decoding=\"async\" src=\"https:\/\/www.diarioepoca.com\/content\/bucket\/4\/1343544w762h490c.jpg.webp\" alt=\"\"\/><\/figure>\n\n\n\n<p>Agregaron que a estas p\u00e9rdidas econ\u00f3micas se suma el impacto social que el aislamiento genera: &#8220;un d\u00eda que el cami\u00f3n no saca madera, es un d\u00eda que el pe\u00f3n, camionero, maquinista, obrero, gomero no trabajan. Ese d\u00eda no llevan el plato de comida a su mesa. Es el comedor, gu\u00eda, gomero de Pellegrini que ese d\u00eda perdi\u00f3 la venta&#8221;.&nbsp;<\/p>\n\n\n\n<p>&#8220;Para tomar mejor dimensi\u00f3n de lo que significa la perdida de fuentes de trabajo podemos mencionar que la producci\u00f3n maderera generada por lo que 1 (UNA) camioneta cargada de plantines transport\u00f3 y se plant\u00f3, se requieren 1000 camiones solo para extraer la producci\u00f3n maderera. Esto sin contar las labores intermedias previo a la tala raza&#8221;.<\/p>\n\n\n\n<p>Solo a Colonia Carlos Pellegrini ingresaron en 2023 31.982 turistas, si lo dividimos por una ocupaci\u00f3n promedio de 3 personas por veh\u00edculo, son 10.600 autos\/camionetas que transitaron por la ruta de ida y de vuelta. Si consideramos todos los sectores productivos, el movimiento vehicular toma dimensiones considerables.<\/p>\n\n\n\n<p>Por \u00faltimo mencionaron &#8220;ya no se pide m\u00e1s mantenimiento, ahora necesitamos un plan de corto, mediano y largo plazo para que esto no se repita dentro de unos meses. Se solicitan caminos de calidad, de alto impacto, seguros y con los que se pueda contar. No sirven caminos tan importantes como lo son la ruta 40 y 41, que se puedan usar cuando el tiempo lo permita, necesitamos estar tranquilos de que, aunque llueva vamos a poder realizar nuestras laboras diarias sin inconvenientes&#8221;.<\/p>\n","protected":false},"excerpt":{"rendered":"<p>Tras una reuni\u00f3n con distintos sectores afectados, la C\u00e1mara de Turismo del Iber\u00e1 solicit\u00f3 una reuni\u00f3n con el gobernador Gustavo Vald\u00e9s para establecer un plan de corto, mediano y largo&hellip; <\/p>\n","protected":false},"author":3,"featured_media":120273,"comment_status":"closed","ping_status":"open","sticky":false,"template":"","format":"standard","meta":{"footnotes":""},"categories":[1],"tags":[],"class_list":["post-120267","post","type-post","status-publish","format-standard","has-post-thumbnail","hentry","category-informacion-general"],"_links":{"self":[{"href":"https:\/\/corrientesdetarde.com\/index.php\/wp-json\/wp\/v2\/posts\/120267","targetHints":{"allow":["GET"]}}],"collection":[{"href":"https:\/\/corrientesdetarde.com\/index.php\/wp-json\/wp\/v2\/posts"}],"about":[{"href":"https:\/\/corrientesdetarde.com\/index.php\/wp-json\/wp\/v2\/types\/post"}],"author":[{"embeddable":true,"href":"https:\/\/corrientesdetarde.com\/index.php\/wp-json\/wp\/v2\/users\/3"}],"replies":[{"embeddable":true,"href":"https:\/\/corrientesdetarde.com\/index.php\/wp-json\/wp\/v2\/comments?post=120267"}],"version-history":[{"count":1,"href":"https:\/\/corrientesdetarde.com\/index.php\/wp-json\/wp\/v2\/posts\/120267\/revisions"}],"predecessor-version":[{"id":120287,"href":"https:\/\/corrientesdetarde.com\/index.php\/wp-json\/wp\/v2\/posts\/120267\/revisions\/120287"}],"wp:featuredmedia":[{"embeddable":true,"href":"https:\/\/corrientesdetarde.com\/index.php\/wp-json\/wp\/v2\/media\/120273"}],"wp:attachment":[{"href":"https:\/\/corrientesdetarde.com\/index.php\/wp-json\/wp\/v2\/media?parent=120267"}],"wp:term":[{"taxonomy":"category","embeddable":true,"href":"https:\/\/corrientesdetarde.com\/index.php\/wp-json\/wp\/v2\/categories?post=120267"},{"taxonomy":"post_tag","embeddable":true,"href":"https:\/\/corrientesdetarde.com\/index.php\/wp-json\/wp\/v2\/tags?post=120267"}],"curies":[{"name":"wp","href":"https:\/\/api.w.org\/{rel}","templated":true}]}}