{"id":120268,"date":"2024-01-23T17:00:35","date_gmt":"2024-01-23T20:00:35","guid":{"rendered":"https:\/\/corrientesdetarde.com\/?p=120268"},"modified":"2024-01-23T17:00:36","modified_gmt":"2024-01-23T20:00:36","slug":"tras-su-paso-por-corrientes-axel-anuncio-su-separacion-de-la-madre-de-sus-cuatro-hijos","status":"publish","type":"post","link":"https:\/\/corrientesdetarde.com\/index.php\/espectaculos\/tras-su-paso-por-corrientes-axel-anuncio-su-separacion-de-la-madre-de-sus-cuatro-hijos\/","title":{"rendered":"Tras su paso por Corrientes Axel anunci\u00f3 su separaci\u00f3n de la madre de sus cuatro hijos"},"content":{"rendered":"\n<p>El cantante que estuvo este fin de semana en la Fiesta Nacional del Chamam\u00e9, recurri\u00f3 a las redes sociales para comunicar la dolorosa decisi\u00f3n que tomaron luego de un largo proceso junto a Delfina Laur\u00eda.\u00a0<\/p>\n\n\n\n<p>Hay noticias dolorosas que son dif\u00edciles de dar y que incluso, pueden llevar mucho tiempo procesarlas. Asi lo sinti\u00f3 Axel, el cantante, quien finalmente recurri\u00f3 a las redes para anunciar su separaci\u00f3n de Delfina Laur\u00eda, la mujer con la que comparte la vida desde hace 16 a\u00f1os y con quien form\u00f3 una familia.<\/p>\n\n\n\n<p>&#8220;Hoy, 23 de enero de 2024, con un nudo en la panza, porque siempre imagin\u00e9 envejecer al lado de la persona que hab\u00eda elegido para formar una familia, quiero contarles que despu\u00e9s de 16 a\u00f1os compartiendo camino de vida con una excelente persona y mujer como Delfi, habiendo tenido una relaci\u00f3n sana, maravillosa, respetuosa; y el fruto m\u00e1s hermoso de esa relaci\u00f3n que son \u00c1gueda, Aurelia, Ferm\u00edn y Gregorio; hemos decidido comenzar una nueva etapa caminando por separado&#8221;, expres\u00f3 el cantante en su cuenta de Instagram junto a dos postales familiares.<\/p>\n\n\n\n<p>En un texto largo y emotivo, que pronto recibi\u00f3 el apoyo de sus seguidores, el m\u00fasico ampli\u00f3 un poco c\u00f3mo fue ese proceso hasta tomar la determinaci\u00f3n final. &#8220;Por supuesto que duele, y si bien es una decisi\u00f3n que tomamos hace varios meses, reci\u00e9n hoy, despu\u00e9s de hacer terapia individual y de pareja, de revisarnos y de mucho aprendizaje, me encuentro en condiciones an\u00edmicas para cont\u00e1rselos&#8221;, asegur\u00f3.<\/p>\n\n\n\n<p>&#8220;Nuestros corazones estar\u00e1n unidos toda la vida por nuestros hermosos hijos, que siempre ser\u00e1n nuestra prioridad; y buscaremos tener siempre un v\u00ednculo amoroso, respetuoso y pac\u00edfico&#8221;, sostuvo sobre c\u00f3mo qued\u00f3 la relaci\u00f3n con Delfina y el futuro familiar.<\/p>\n\n\n\n<p>El cantante de populares baladas como &#8220;Amo&#8221; y &#8220;Te voy a amar&#8221; y su familia se hab\u00edan instalado desde hace a\u00f1os en la provincia de C\u00f3rdoba, m\u00e1s espec\u00edficamente en Traslasierra. &#8220;Decidimos hacer este cambio de vida e irnos para all\u00e1. No es f\u00e1cil, porque estoy a dos horas y media del aeropuerto de C\u00f3rdoba, pero nosotros ah\u00ed logramos tener un encuentro m\u00e1s sano y natural con nuestros hijos&#8221;, explicaba el m\u00fasico por aquella \u00e9poca, mientras era coach de La Voz Argentina y conjugaba la vida laboral con la familiar y los permanentes viajes por las giras.<\/p>\n\n\n\n<p>Sobre ese contacto con la naturaleza y el compromiso con el medioambiente, en una entrevista con Teleshow hab\u00eda contado c\u00f3mo eran sus d\u00edas alejados de las grandes ciudades: &#8220;Yo fui vegetariano durante casi 20 a\u00f1os y luego me hice vegano. Mis hijos nunca probaron la carne, el pollo, ni el pescado. No toman leche, salvo la que se hace con vegetales. S\u00ed comen queso y huevos. En casa tenemos conciencia animal y de amor por la naturaleza. Una de las frases que les inculco es: `Mi placer no puede gobernarme y someter a otra vida para satisfacer mi paladar. Yo no soy qui\u00e9n para matar a un animal\u00b4. Adem\u00e1s, todos los alimentos los compramos en diet\u00e9ticas o almacenes naturales. Buscamos emplear alimentos en los que la huella de carbono sea la menor posible, y para eso hay que consumir productos locales. Es mejor tomar una cerveza artesanal que una que viene de M\u00e9xico o Alemania&#8221;.<\/p>\n\n\n\n<p>En esa decisi\u00f3n de vida familiar, tambi\u00e9n se hab\u00edan mudado a una vivienda ecol\u00f3gica. &#8220;Mi casa utiliza energ\u00edas alternativas y es muy ecol\u00f3gica: la calefacci\u00f3n es solar, recuperamos el agua de la lluvia, hacemos tratamientos de aguas grises con biodigestores, tenemos nuestra propia huerta org\u00e1nica, cultivamos \u00e1rboles frutales y hacemos nuestro propio aceite de oliva y dulces&#8221;, explicaba en la misma entrevista.<\/p>\n\n\n\n<p>Sobre la vida en contacto con la naturaleza, Axel cont\u00f3 que si bien al principio cost\u00f3 un poco luego su familia se sinti\u00f3 muy a gusto con la experiencia y hasta la eleg\u00edan. &#8220;El primer a\u00f1o fue dif\u00edcil: todos los meses ven\u00edamos para ac\u00e1, extra\u00f1\u00e1bamos los amigos, la familia. Pero ya el segundo a\u00f1o ven\u00edamos para una fecha especial y al tercero ya nos pregunt\u00e1bamos para qu\u00e9 venir. Ferm\u00edn no soportaba los ruidos de las motos, los gritos de la gente, porque vivimos literalmente en medio de la monta\u00f1a. Venimos si es sumamente necesario&#8221;.<\/p>\n","protected":false},"excerpt":{"rendered":"<p>El cantante que estuvo este fin de semana en la Fiesta Nacional del Chamam\u00e9, recurri\u00f3 a las redes sociales para comunicar la dolorosa decisi\u00f3n que tomaron luego de un largo&hellip; <\/p>\n","protected":false},"author":3,"featured_media":120274,"comment_status":"closed","ping_status":"open","sticky":false,"template":"","format":"standard","meta":{"footnotes":""},"categories":[19],"tags":[],"class_list":["post-120268","post","type-post","status-publish","format-standard","has-post-thumbnail","hentry","category-espectaculos"],"_links":{"self":[{"href":"https:\/\/corrientesdetarde.com\/index.php\/wp-json\/wp\/v2\/posts\/120268","targetHints":{"allow":["GET"]}}],"collection":[{"href":"https:\/\/corrientesdetarde.com\/index.php\/wp-json\/wp\/v2\/posts"}],"about":[{"href":"https:\/\/corrientesdetarde.com\/index.php\/wp-json\/wp\/v2\/types\/post"}],"author":[{"embeddable":true,"href":"https:\/\/corrientesdetarde.com\/index.php\/wp-json\/wp\/v2\/users\/3"}],"replies":[{"embeddable":true,"href":"https:\/\/corrientesdetarde.com\/index.php\/wp-json\/wp\/v2\/comments?post=120268"}],"version-history":[{"count":1,"href":"https:\/\/corrientesdetarde.com\/index.php\/wp-json\/wp\/v2\/posts\/120268\/revisions"}],"predecessor-version":[{"id":120288,"href":"https:\/\/corrientesdetarde.com\/index.php\/wp-json\/wp\/v2\/posts\/120268\/revisions\/120288"}],"wp:featuredmedia":[{"embeddable":true,"href":"https:\/\/corrientesdetarde.com\/index.php\/wp-json\/wp\/v2\/media\/120274"}],"wp:attachment":[{"href":"https:\/\/corrientesdetarde.com\/index.php\/wp-json\/wp\/v2\/media?parent=120268"}],"wp:term":[{"taxonomy":"category","embeddable":true,"href":"https:\/\/corrientesdetarde.com\/index.php\/wp-json\/wp\/v2\/categories?post=120268"},{"taxonomy":"post_tag","embeddable":true,"href":"https:\/\/corrientesdetarde.com\/index.php\/wp-json\/wp\/v2\/tags?post=120268"}],"curies":[{"name":"wp","href":"https:\/\/api.w.org\/{rel}","templated":true}]}}