{"id":12027,"date":"2022-10-18T07:15:40","date_gmt":"2022-10-18T10:15:40","guid":{"rendered":"https:\/\/corrientesdetarde.com\/?p=12027"},"modified":"2022-10-18T07:15:44","modified_gmt":"2022-10-18T10:15:44","slug":"el-dia-de-la-lealtad-profundizo-la-division-del-gobierno-expuso-la-soledad-de-alberto-fernandez-y-dejo-a-la-luz-la-fractura-de-la-cgt","status":"publish","type":"post","link":"https:\/\/corrientesdetarde.com\/index.php\/nacionales\/el-dia-de-la-lealtad-profundizo-la-division-del-gobierno-expuso-la-soledad-de-alberto-fernandez-y-dejo-a-la-luz-la-fractura-de-la-cgt\/","title":{"rendered":"<strong>El D\u00eda de la Lealtad profundiz\u00f3 la divisi\u00f3n del Gobierno, expuso la soledad de Alberto Fern\u00e1ndez y dej\u00f3 a la luz la fractura de la CGT<\/strong>"},"content":{"rendered":"\n<p>El Presidente no particip\u00f3 de ning\u00fan acto durante el 17 de octubre. La relaci\u00f3n con el kirchnerismo est\u00e1 rota y el v\u00ednculo con la central obrera, deteriorado. En La C\u00e1mpora aseguran que el jefe de Estado quiere competir en las PASO y consolidar a su propio espacio pol\u00edtico<\/p>\n\n\n\n<p><strong>\u201cNosotros necesitamos que el avi\u00f3n aterrice. Despu\u00e9s cambiamos el piloto. Pero trabajamos para que el avi\u00f3n aterrice. Nosotros y Sergio (Massa)\u201d<\/strong>. La sentencia corresponde a un importante dirigente de<strong>&nbsp;La C\u00e1mpora<\/strong>&nbsp;que estuvo presente en el acto por el D\u00eda de la Lealtad que la agrupaci\u00f3n que conduce M\u00e1ximo Kirchner organiz\u00f3 junto al sindicalismo K en la Plaza de Mayo.<\/p>\n\n\n\n<p>Esa frase de pocas palabras retrata el momento del Gobierno. El avi\u00f3n que deben aterrizar es la gesti\u00f3n y el piloto al que quieren cambiar es Alberto Fern\u00e1ndez. En ese vuelo por ahora est\u00e1 Sergio Massa, el ministro de Econom\u00eda al que le piden que saque una suma fija para los trabajadores y que avance en un plan de congelamiento de precios.<\/p>\n\n\n\n<p><strong>El 17 de octubre encontr\u00f3 al Gobierno y al peronismo fragmentado al m\u00e1ximo. Partido. Con sectores que siguen un rumbo distinto de cara al 2023<\/strong>. Con Cristina Kirchner y Alberto Fern\u00e1ndez distanciados, en silencio y sin una nueva reconciliaci\u00f3n a la vista. Con los movimientos sociales intentando fortalecerse sin quedar siempre atrapados bajo la \u00f3rbita de la Casa Rosada.<\/p>\n\n\n\n<p>Con la CGT dividida y enfrentada. Con el sector de los \u201cgordos\u201d y los \u201cindependientes\u201d hartos de la interna y molestos con el Presidente por no consultarlos en la designaci\u00f3n de Kely Olmos en el ministerio de Trabajo. Con el sector del sindicalismo K pidi\u00e9ndole que \u201ctome las medidas que tiene que tomar\u201d para frenar el aumento de la inflaci\u00f3n y la perdida del poder adquisitivo.<\/p>\n\n\n\n<p>Pero tambi\u00e9n con el movimiento obrero marcando distancia con La C\u00e1mpora, a quienes ven sobrerrepresentados en las listas legislativas. \u201cSe nos dijo que la CGT era parte del Gobierno, pero&nbsp;<strong>la CGT no est\u00e1 sentada donde se define la pol\u00edtica.&nbsp;<\/strong>No queremos romper el peronismo ni ning\u00fan frente pero s\u00ed queremos peronismo con trabajadores y trabajadoras\u201d, se\u00f1al\u00f3 uno de los secretarios generales,&nbsp;<strong>H\u00e9ctor Daer<\/strong>, durante el acto que hicieron en Obras Sanitarias.<\/p>\n\n\n\n<p><strong>Gerardo Mart\u00ednez<\/strong>, de la UOCRA, fue m\u00e1s contundente:&nbsp;<strong>\u201cQueremos poner concejales, legisladores provinciales, diputados y senadores nacionales\u201d<\/strong>. Los sindicalistas lanzaron un espacio pol\u00edtico y pidieron estar en la mesa de decisi\u00f3n. Por eso&nbsp;<strong>M\u00e1ximo Kirchner&nbsp;<\/strong>les respondi\u00f3 en el acto que encabez\u00f3.&nbsp;\u201cEl desaf\u00edo por delante no es ver qui\u00e9n tiene lugar en las listas\u201d, les dijo.<\/p>\n\n\n\n<p>La divisi\u00f3n interna de la CGT qued\u00f3 a la vista. La relaci\u00f3n entre el sector kirchnerista y los \u201cgordos\u201d e \u201cindependientes\u201d es mala. La central obrera est\u00e1 partida, m\u00e1s all\u00e1 de alguna foto donde puedan aparecer Daer, Carlos Acu\u00f1a y Pablo Moyano, los tres secretarios generales que interpretan una falsa unidad sindical.<\/p>\n\n\n\n<p>Alberto Fern\u00e1ndez no particip\u00f3 de ning\u00fan acto. No fue convocado, ni busc\u00f3 estar arriba de alg\u00fan escenario.&nbsp;<strong>\u201cSi llamaba, podr\u00eda haber venido\u201d<\/strong>, se excusaron en el kirchnerismo sobre la jornada que se llev\u00f3 a cabo enfrente a la Casa Rosada. Fue media plaza, no una plaza. La convocatoria fue acotada para lo que suele movilizar el camporismo y el sindicalismo K, donde est\u00e1 el poderoso y voluminoso gremio de Camioneros<\/p>\n\n\n\n<p>A este jarr\u00f3n partido se lleg\u00f3, principalmente, por dos hechos puntuales. Uno fue la cena entre el Presidente y el sector de la CGT m\u00e1s af\u00edn a la Casa Rosada que se realiz\u00f3 el lunes 26 de septiembre en la Quinta de Olivos. De la lista de invitados fue excluido el l\u00edder camionero Pablo Moyano, lo que profundiz\u00f3 la divisi\u00f3n interna que ya exist\u00eda en la central obrera.<\/p>\n\n\n\n<p><strong>En ese encuentro el jefe de Estado propuso realizar un acto por el D\u00eda de la Lealtad en Tucum\u00e1n.<\/strong>&nbsp;Y hacerlo con los gobernadores. Para ese entonces el kirchnerismo ya estaba organizando el acto en la Plaza de Mayo. En el entorno de Cristina Kirchner cay\u00f3 mal la filtraci\u00f3n del contenido de esa charla. A partir de ese momento el camino se empez\u00f3 a llenar de espinas. Se dieron cuenta que Fern\u00e1ndez quer\u00eda diferenciarse.<\/p>\n\n\n\n<p>El segundo hecho que termin\u00f3 de dinamitar la fractura del Frente de Todos fue el recambio de Gabinete que se concret\u00f3 el lunes de 10 de octubre. Alberto Fern\u00e1ndez decidi\u00f3 hacerlo en soledad. Sin consultar a Cristina Kirchner ni a Sergio Massa.&nbsp;<strong>Quiso ganar autonom\u00eda y algunos miligramos de poder. Su decisi\u00f3n tens\u00f3 a\u00fan la relaci\u00f3n con el kirchnerismo.<\/strong><\/p>\n\n\n\n<p>En el mundo K no terminan de entender por qu\u00e9 Fern\u00e1ndez \u201cse cort\u00f3 solo\u201d.&nbsp;<strong>\u201cAlberto rompi\u00f3 la comunicaci\u00f3n el d\u00eda que decidi\u00f3 no consultar a Cristina sobre el cambio de Gabinete\u201d<\/strong>, sostuvo un legislador kirchnerista, de buena llegada a la Vicepresidenta, Lo cierto es que la relaci\u00f3n ya estaba da\u00f1ada antes del cambio de ministros. Esa modificaci\u00f3n solo empeor\u00f3 m\u00e1s la situaci\u00f3n.<\/p>\n\n\n\n<p><strong>\u201cDespu\u00e9s del cambio de Gabinete, los albertistas quedaron m\u00e1s gordos y Alberto m\u00e1s flaco\u201d<\/strong>, dijo, con sarcasmo, un hist\u00f3rico dirigente K. En el kirchnerismo algunos creen que el c\u00edrculo del Presidente es el \u00fanico que se beneficia con algunas decisiones del Presidente, pero que \u00e9l no saca ninguna ganancia. Al rev\u00e9s. Expone m\u00e1s debilidad y se a\u00edsla.<\/p>\n\n\n\n<p>El v\u00ednculo entre Alberto Fern\u00e1ndez y Cristina Kirchner ha sido intermitente a lo largo de los tres a\u00f1os de gesti\u00f3n. En los \u00faltimos meses pasaron por diferentes estados. La relaci\u00f3n estaba cortada hasta el d\u00eda que volvieron a hablar para designar el reemplazo de Mart\u00edn Guzm\u00e1n en el Palacio de Hacienda. Despu\u00e9s tuvieron una serie de reuniones y coincidieron en que Massa era el indicado para llegar al ministerio de Econom\u00eda.<\/p>\n\n\n\n<p>Despu\u00e9s del arribo del l\u00edder del Frente Renovador, la relaci\u00f3n se enfr\u00edo. El atentado contra la Vicepresidenta volvi\u00f3 a acercarlos pero fue solo durante un breve tiempo. Se debi\u00f3 a que la situaci\u00f3n vivida hab\u00eda sido de m\u00e1xima gravedad institucional.<strong>&nbsp;El cambio de Gabinete sin consultas hizo explotar, una vez m\u00e1s, una relaci\u00f3n muy endeble y sin un futuro prometedor.<\/strong><\/p>\n\n\n\n<p>Un dirigente de buena relaci\u00f3n con el Presidente y la Vicepresidenta llam\u00f3 a un importante funcionario del c\u00edrculo chico albertista para preguntar por qu\u00e9 Alberto quer\u00eda avanzar en el cambio sin hablar con nadie, sabiendo que eso iba a generar complicaciones en la convivencia de la coalici\u00f3n.&nbsp;<strong>\u201c\u00bfPara que vamos a consultar? Si todos los que se van son albertistas\u201d<\/strong>, le respondieron.<\/p>\n\n\n\n<p>En el kirchnerismo aseguran que Fern\u00e1ndez hace lo que hace porque&nbsp;<strong>\u201ctiene una psicolog\u00eda compleja\u201d<\/strong>&nbsp;y porque est\u00e1 buscando fortalecerse para competir en las PASO del a\u00f1o que viene.&nbsp;<strong>\u201cEn el albertismo tienen una mirada de agrupaci\u00f3n. Piensan que pueden sacar 8 o 9 puntos en una interna y as\u00ed estar mejor que en el 2019<\/strong><strong>\u2033<\/strong>, advirti\u00f3 un referente de La C\u00e1mpora.<\/p>\n\n\n\n<p>La desconfianza y el fastidio atraviesan a toda la coalici\u00f3n. En el kirchnerismo siguen viendo a Alberto Fern\u00e1ndez como un presidente que decidi\u00f3 auto aislarse en vez de gobernar gestionando las miradas de las distintas patas del Frente de Todos.&nbsp;<strong>\u201cCree que es m\u00e1s importante que Cristina\u201d<\/strong>, dijo, con cierto enojo, un dirigente kirchnerista presente en la Plaza de Mayo.<\/p>\n\n\n\n<p>El mandatario no fue invitado tampoco al acto donde estuvieron el Movimiento Evita, Barrios de Pie y la Corriente Clasista y Combativa (CCC). Tampoco sali\u00f3 de ese encuentro en Laferrere un apoyo masivo para el Presidente. Sin embargo, para evitar ruidos o cortocircuitos, Fernando \u201cChino\u201d Navarro, dirigente muy cercano al Presidente y l\u00edder del Evita, lo acompa\u00f1\u00f3 al acto que protagoniz\u00f3 en Ca\u00f1uelas. Fue una forma de mostrar que lo siguen apoyando.<\/p>\n\n\n\n<p><strong>As\u00ed, Fern\u00e1ndez no fue revindicado en ning\u00fan acto<\/strong>. Ni en el que la CGT hizo en Obras Sanitarias, ni en La Matanza, donde estuvieron los movimientos sociales cercanos a la Casa Rosada, ni en el del kirchnerismo. Una foto de la soledad en la que est\u00e1 inmerso el Presidente, siempre rodeado por un grupo chico de fieles dirigentes, que en el \u00faltimo tiempo escuchan su vocaci\u00f3n por ser un actor importante en el proceso electoral que se avecina.<\/p>\n\n\n\n<p>Con este nivel de fragmentaci\u00f3n como contexto, uno de los campos de discusi\u00f3n pol\u00edtica ser\u00e1 la sanci\u00f3n del Presupuesto 2023. Es el pr\u00f3ximo objetivo que tiene por delante el Gobierno. Durante el acto en la Plaza de Mayo, M\u00e1ximo Kirchner dej\u00f3 en claro que el acuerdo con el FMI, tal como est\u00e1, no tiene futuro. Esperan proyecciones distintas a las que el pide el organismo que dirige Kristalina Georgieva.<\/p>\n\n\n\n<p>Las metas acordadas con el Fondo no son las que el kirchnerismo considera posibles de cumplir. Hay diferentes miradas sobre el gasto p\u00fablico y el d\u00e9ficit fiscal. Sobre todo, de cara al a\u00f1o electoral. El oficialismo est\u00e1 completamente dividido y llevar adelante la gesti\u00f3n es cada d\u00eda m\u00e1s complejo. El 2023 los interpela desde el costado electoral, pero a\u00fan deben aterrizar el avi\u00f3n. Con el piloto que sea.<\/p>\n","protected":false},"excerpt":{"rendered":"<p>El Presidente no particip\u00f3 de ning\u00fan acto durante el 17 de octubre. La relaci\u00f3n con el kirchnerismo est\u00e1 rota y el v\u00ednculo con la central obrera, deteriorado. En La C\u00e1mpora&hellip; <\/p>\n","protected":false},"author":7,"featured_media":12028,"comment_status":"closed","ping_status":"open","sticky":false,"template":"","format":"standard","meta":{"footnotes":""},"categories":[10],"tags":[],"class_list":["post-12027","post","type-post","status-publish","format-standard","has-post-thumbnail","hentry","category-nacionales"],"_links":{"self":[{"href":"https:\/\/corrientesdetarde.com\/index.php\/wp-json\/wp\/v2\/posts\/12027","targetHints":{"allow":["GET"]}}],"collection":[{"href":"https:\/\/corrientesdetarde.com\/index.php\/wp-json\/wp\/v2\/posts"}],"about":[{"href":"https:\/\/corrientesdetarde.com\/index.php\/wp-json\/wp\/v2\/types\/post"}],"author":[{"embeddable":true,"href":"https:\/\/corrientesdetarde.com\/index.php\/wp-json\/wp\/v2\/users\/7"}],"replies":[{"embeddable":true,"href":"https:\/\/corrientesdetarde.com\/index.php\/wp-json\/wp\/v2\/comments?post=12027"}],"version-history":[{"count":1,"href":"https:\/\/corrientesdetarde.com\/index.php\/wp-json\/wp\/v2\/posts\/12027\/revisions"}],"predecessor-version":[{"id":12029,"href":"https:\/\/corrientesdetarde.com\/index.php\/wp-json\/wp\/v2\/posts\/12027\/revisions\/12029"}],"wp:featuredmedia":[{"embeddable":true,"href":"https:\/\/corrientesdetarde.com\/index.php\/wp-json\/wp\/v2\/media\/12028"}],"wp:attachment":[{"href":"https:\/\/corrientesdetarde.com\/index.php\/wp-json\/wp\/v2\/media?parent=12027"}],"wp:term":[{"taxonomy":"category","embeddable":true,"href":"https:\/\/corrientesdetarde.com\/index.php\/wp-json\/wp\/v2\/categories?post=12027"},{"taxonomy":"post_tag","embeddable":true,"href":"https:\/\/corrientesdetarde.com\/index.php\/wp-json\/wp\/v2\/tags?post=12027"}],"curies":[{"name":"wp","href":"https:\/\/api.w.org\/{rel}","templated":true}]}}