{"id":120387,"date":"2024-01-24T08:07:01","date_gmt":"2024-01-24T11:07:01","guid":{"rendered":"https:\/\/corrientesdetarde.com\/?p=120387"},"modified":"2024-01-24T08:07:14","modified_gmt":"2024-01-24T11:07:14","slug":"barrios-de-pie-movilizara-a-los-supermercados-a-pedir-alimentos-frente-a-la-falta-de-respuestas-del-gobierno-nacional","status":"publish","type":"post","link":"https:\/\/corrientesdetarde.com\/index.php\/politica\/barrios-de-pie-movilizara-a-los-supermercados-a-pedir-alimentos-frente-a-la-falta-de-respuestas-del-gobierno-nacional\/","title":{"rendered":"&#8220;BARRIOS DE PIE MOVILIZAR\u00c1 A LOS SUPERMERCADOS A PEDIR ALIMENTOS FRENTE A LA FALTA DE RESPUESTAS DEL GOBIERNO NACIONAL&#8221;"},"content":{"rendered":"\n<p>(Corresponsal\u00eda Buenos Aires) -Luego de una masiva concentraci\u00f3n frente a la Quinta de Olivos por parte de de militantes de Barrios de Pie, el movimiento social decidi\u00f3 en asamblea movilizar a los supermercados solicitando alimentos frente a la falta de respuestas del gobierno nacional.<\/p>\n\n\n\n<p>&#8220;Venimos de un ajuste brutal y no hay escucha por parte del gobierno frente a esta situaci\u00f3n tan cr\u00edtica, por eso vamos a impulsar en el Congreso Nacional una nueva ley de emergencia alimentaria&#8221;, asegur\u00f3 Daniel Menendez, coordinador nacional de Somos Barrios de Pie.<\/p>\n\n\n\n<p>Por su parte, Norma Morales, referenta de Somos Barrios de Pie y secretaria general adjunta de la UTEP, sostuvo que \u201cel presidente esta m\u00e1s preocupado por pelearse en las redes sociales que por el hambre de su pueblo. La situaci\u00f3n alimentaria en los barrios populares es alarmante, miles de familias solo tienen una comida al d\u00eda y los comedores est\u00e1n con largas listas de espera, esto una situaci\u00f3n de emergencia. Ante la falta de respuestas nos movilizaremos a los hipermercados a solicitar alimentos la pr\u00f3xima semana\u201d.<\/p>\n","protected":false},"excerpt":{"rendered":"<p>(Corresponsal\u00eda Buenos Aires) -Luego de una masiva concentraci\u00f3n frente a la Quinta de Olivos por parte de de militantes de Barrios de Pie, el movimiento social decidi\u00f3 en asamblea movilizar&hellip; <\/p>\n","protected":false},"author":11,"featured_media":120388,"comment_status":"closed","ping_status":"open","sticky":false,"template":"","format":"standard","meta":{"footnotes":""},"categories":[3],"tags":[1493,1495,1494,1496],"class_list":["post-120387","post","type-post","status-publish","format-standard","has-post-thumbnail","hentry","category-politica","tag-barrios","tag-moviliza","tag-pie","tag-supermercado"],"_links":{"self":[{"href":"https:\/\/corrientesdetarde.com\/index.php\/wp-json\/wp\/v2\/posts\/120387","targetHints":{"allow":["GET"]}}],"collection":[{"href":"https:\/\/corrientesdetarde.com\/index.php\/wp-json\/wp\/v2\/posts"}],"about":[{"href":"https:\/\/corrientesdetarde.com\/index.php\/wp-json\/wp\/v2\/types\/post"}],"author":[{"embeddable":true,"href":"https:\/\/corrientesdetarde.com\/index.php\/wp-json\/wp\/v2\/users\/11"}],"replies":[{"embeddable":true,"href":"https:\/\/corrientesdetarde.com\/index.php\/wp-json\/wp\/v2\/comments?post=120387"}],"version-history":[{"count":1,"href":"https:\/\/corrientesdetarde.com\/index.php\/wp-json\/wp\/v2\/posts\/120387\/revisions"}],"predecessor-version":[{"id":120389,"href":"https:\/\/corrientesdetarde.com\/index.php\/wp-json\/wp\/v2\/posts\/120387\/revisions\/120389"}],"wp:featuredmedia":[{"embeddable":true,"href":"https:\/\/corrientesdetarde.com\/index.php\/wp-json\/wp\/v2\/media\/120388"}],"wp:attachment":[{"href":"https:\/\/corrientesdetarde.com\/index.php\/wp-json\/wp\/v2\/media?parent=120387"}],"wp:term":[{"taxonomy":"category","embeddable":true,"href":"https:\/\/corrientesdetarde.com\/index.php\/wp-json\/wp\/v2\/categories?post=120387"},{"taxonomy":"post_tag","embeddable":true,"href":"https:\/\/corrientesdetarde.com\/index.php\/wp-json\/wp\/v2\/tags?post=120387"}],"curies":[{"name":"wp","href":"https:\/\/api.w.org\/{rel}","templated":true}]}}