{"id":120419,"date":"2024-01-24T11:03:14","date_gmt":"2024-01-24T14:03:14","guid":{"rendered":"https:\/\/corrientesdetarde.com\/?p=120419"},"modified":"2024-01-24T11:04:05","modified_gmt":"2024-01-24T14:04:05","slug":"horror-en-serbia-una-beba-murio-luego-de-que-un-medico-saltara-sobre-la-panza-de-la-madre-durante-el-parto","status":"publish","type":"post","link":"https:\/\/corrientesdetarde.com\/index.php\/internacionales\/horror-en-serbia-una-beba-murio-luego-de-que-un-medico-saltara-sobre-la-panza-de-la-madre-durante-el-parto\/","title":{"rendered":"Horror en Serbia: una beba muri\u00f3 luego de que un m\u00e9dico saltara sobre la panza de la madre durante el parto"},"content":{"rendered":"\n<p>Un brutal caso de\u00a0<strong>violencia obst\u00e9trica<\/strong>\u00a0caus\u00f3 una fuerte conmoci\u00f3n en\u00a0<strong>Serbia<\/strong>. Detuvieron a un ginec\u00f3logo del hospital de la ciudad de Sremska Mitrovica luego de que una mujer roman\u00ed lo acusara de insultarla y \u201c<strong>saltar sobre su est\u00f3mago\u201d\u00a0<\/strong>durante el parto, lo que termin\u00f3 por provocar<strong>\u00a0la muerte de la beba.<\/strong><\/p>\n\n\n\n<p>Seg\u00fan la autopsia, la peque\u00f1a Elena muri\u00f3 \u201cpor un parto violento\u201d y\u201c<strong>debido a una asfixia perinatal grave del feto y una aspiraci\u00f3n masiva de meconio\u201d, lo que le provoc\u00f3 un \u201c<\/strong>neumot\u00f3rax bilateral y hemorragia suprarrenal bilateral\u201d. Adem\u00e1s, la pericia forense confirm\u00f3 la \u201cexistencia de un hematoma subgaleal\u201d, seg\u00fan indic\u00f3 el media\u00a0<em>Vijesti<\/em>.<\/p>\n\n\n\n<p>Tras conocerse el resultado de la autopsia, la mam\u00e1 dijo que no descansar\u00e1 hasta conseguir Justicia. \u201c<strong>No parar\u00e9 hasta que se haga justicia y el m\u00e9dico sea castigado<\/strong>. No tengo fuerzas, no me siento bien, pero mo me rendir\u00e9\u201d, dijo Mihajlovi\u0107 al sitio&nbsp;<em>Nova<\/em>.<\/p>\n\n\n\n<p>El m\u00e9dico, identificado como MM, fue finalmente detenido bajo la acusaci\u00f3n de poner en peligro la salud de una persona, confirm\u00f3 la polic\u00eda, y se encuentra bajo custodia.<\/p>\n\n\n\n<p>Decenas de mujeres protestaron frente al hospital con pancartas que dec\u00edan \u201cHospitales, no mataderos\u201d y cientos de mujeres denunciaron en las redes haber sido v\u00edctimas de violencia obst\u00e9trica. Seg\u00fan el&nbsp;<em>Sarajevo Times<\/em>, otra mujer, Jelana Ivkovi\u0107 dijo durante la protesta que ella tambi\u00e9n fue v\u00edctima del m\u00e9dico MM, y que su hijo muri\u00f3 poco despu\u00e9s del parto en noviembre de 2022.<\/p>\n\n\n\n<figure class=\"wp-block-image\"><img decoding=\"async\" src=\"https:\/\/tn.com.ar\/resizer\/8qe0_p3AF1lYzeUF1cb_osXZeXs=\/767x0\/smart\/filters:format(webp)\/cloudfront-us-east-1.images.arcpublishing.com\/artear\/I3KUWWQ5MNCUBN73BEYXHOA5VI.png\" alt=\"El Hospital General de Sremsk\u00e1 Mitrovica, donde ocurri\u00f3 el caso de violencia obst\u00e9trica. (Foto: gentileza Daily Mail).\"\/><figcaption>El Hospital General de Sremsk\u00e1 Mitrovica, donde ocurri\u00f3 el caso de violencia obst\u00e9trica. (Foto: gentileza Daily Mail).<\/figcaption><\/figure>\n\n\n\n<p>Kreni-Promeni, una agrupaci\u00f3n independiente que lucha por el ambiente, la educaci\u00f3n, los derechos humanos y democr\u00e1ticos y la atenci\u00f3n m\u00e9dica, junt\u00f3 m\u00e1s de&nbsp;<strong>190.000 firmas en una petici\u00f3n que reclama reformas&nbsp;<\/strong>que permitan a las mujeres embarazadas estar acompa\u00f1adas por su pareja durante el parto.<\/p>\n\n\n\n<p>\u201cEste es un\u00a0<strong>llamamiento para proteger a todas las futuras madres<\/strong>, para que puedan sentirse m\u00e1s seguras y traer a sus beb\u00e9s al mundo en un entorno mejor y menos estresante\u201d, afirm\u00f3 Marina Pavlic, directora ejecutiva de Kreni-Promeni, en un comunicado.<\/p>\n\n\n\n<p>Ante el esc\u00e1ndalo, la ministra de Salud, Danica Gruji\u010di\u0107 declar\u00f3: \u201c<strong>La violencia obst\u00e9trica es inadmisible.<\/strong>&nbsp;Debemos prestar especial atenci\u00f3n y cuidar a las mujeres embarazadas y en trabajo de parto. Trabajaremos para&nbsp;<strong>mejorar la educaci\u00f3n de nuestros colegas&nbsp;<\/strong>y protegeremos a las madres y mujeres embarazadas en todos los sentidos\u201d.<\/p>\n\n\n\n<p>No obstante, la ministra advirti\u00f3 contra un descr\u00e9dito masivo hacia los m\u00e9dicos. \u201c<strong>Si la caza de brujas comienza ahora, dentro de cinco a\u00f1os nadie querr\u00e1 ser ginec\u00f3logo u obstetra<\/strong>\u201d, opin\u00f3 y agreg\u00f3: \u201cLas complicaciones ocurren en todas partes del mundo dentro de un cierto porcentaje; necesitamos alcanzar ese porcentaje permitido\u201d.<\/p>\n\n\n\n<p>Seg\u00fan el&nbsp;<em>Daily Mail<\/em>, una encuesta de 2015 mostr\u00f3 que el 10 por ciento de las mujeres serbias no quieren tener otro hijo despu\u00e9s de las traum\u00e1ticas experiencias hospitalarias con su primer hijo.<\/p>\n\n\n\n<p>Aderm\u00e1s, m\u00e1s del 60 por ciento de las encuestadas dijeron que no se sent\u00edan protegidas durante el parto, y muchas mujeres se\u00f1alaron que no se les mantiene informadas sobre lo que hacen los m\u00e9dicos durante los procedimientos.<\/p>\n","protected":false},"excerpt":{"rendered":"<p>Un brutal caso de\u00a0violencia obst\u00e9trica\u00a0caus\u00f3 una fuerte conmoci\u00f3n en\u00a0Serbia. Detuvieron a un ginec\u00f3logo del hospital de la ciudad de Sremska Mitrovica luego de que una mujer roman\u00ed lo acusara de&hellip; <\/p>\n","protected":false},"author":12,"featured_media":120429,"comment_status":"closed","ping_status":"open","sticky":false,"template":"","format":"standard","meta":{"footnotes":""},"categories":[11],"tags":[],"class_list":["post-120419","post","type-post","status-publish","format-standard","has-post-thumbnail","hentry","category-internacionales"],"_links":{"self":[{"href":"https:\/\/corrientesdetarde.com\/index.php\/wp-json\/wp\/v2\/posts\/120419","targetHints":{"allow":["GET"]}}],"collection":[{"href":"https:\/\/corrientesdetarde.com\/index.php\/wp-json\/wp\/v2\/posts"}],"about":[{"href":"https:\/\/corrientesdetarde.com\/index.php\/wp-json\/wp\/v2\/types\/post"}],"author":[{"embeddable":true,"href":"https:\/\/corrientesdetarde.com\/index.php\/wp-json\/wp\/v2\/users\/12"}],"replies":[{"embeddable":true,"href":"https:\/\/corrientesdetarde.com\/index.php\/wp-json\/wp\/v2\/comments?post=120419"}],"version-history":[{"count":2,"href":"https:\/\/corrientesdetarde.com\/index.php\/wp-json\/wp\/v2\/posts\/120419\/revisions"}],"predecessor-version":[{"id":120436,"href":"https:\/\/corrientesdetarde.com\/index.php\/wp-json\/wp\/v2\/posts\/120419\/revisions\/120436"}],"wp:featuredmedia":[{"embeddable":true,"href":"https:\/\/corrientesdetarde.com\/index.php\/wp-json\/wp\/v2\/media\/120429"}],"wp:attachment":[{"href":"https:\/\/corrientesdetarde.com\/index.php\/wp-json\/wp\/v2\/media?parent=120419"}],"wp:term":[{"taxonomy":"category","embeddable":true,"href":"https:\/\/corrientesdetarde.com\/index.php\/wp-json\/wp\/v2\/categories?post=120419"},{"taxonomy":"post_tag","embeddable":true,"href":"https:\/\/corrientesdetarde.com\/index.php\/wp-json\/wp\/v2\/tags?post=120419"}],"curies":[{"name":"wp","href":"https:\/\/api.w.org\/{rel}","templated":true}]}}