{"id":120439,"date":"2024-01-24T11:19:20","date_gmt":"2024-01-24T14:19:20","guid":{"rendered":"https:\/\/corrientesdetarde.com\/?p=120439"},"modified":"2024-01-24T12:01:55","modified_gmt":"2024-01-24T15:01:55","slug":"confirman-que-la-enfermedad-por-lepra-bajo-pero-aun-se-registran-300-casos-por-ano-en-el-pais","status":"publish","type":"post","link":"https:\/\/corrientesdetarde.com\/index.php\/informacion-general\/confirman-que-la-enfermedad-por-lepra-bajo-pero-aun-se-registran-300-casos-por-ano-en-el-pais\/","title":{"rendered":"Confirman que la enfermedad por lepra baj\u00f3, pero a\u00fan se registran 300 casos por a\u00f1o en el pa\u00eds"},"content":{"rendered":"\n<p>El ministerio de Salud de Misiones inform\u00f3 que en la Argentina se detectan en promedio unos 300 casos por a\u00f1o de&nbsp;lepra&nbsp;desde 2016, a la vez que indic\u00f3 que, si bien los mismos disminuyeron en m\u00e1s de un 30% en la \u00faltima d\u00e9cada, todav\u00eda no es una enfermedad erradicada del pa\u00eds, por lo que resulta clave mantener las acciones de control.<\/p>\n\n\n\n<p>\u201cEn la Argentina se detectan, en promedio, unos<strong>&nbsp;300 casos por a\u00f1o<\/strong>. Si bien el n\u00famero ha disminuido en m\u00e1s de un 30% en la \u00faltima d\u00e9cada en la regi\u00f3n, el registro de lepra contin\u00faa, por lo que resulta clave que los pa\u00edses sostengan las acciones contra la enfermedad\u201d, se\u00f1alaron desde la cartera sanitaria, mientras que, desde el Hospital Escuela de Agudos \u201cRam\u00f3n Madariaga\u201d remarcaron que se trata de una patolog\u00eda de car\u00e1cter infeccioso que tiene cura, pero en la que es fundamental la detecci\u00f3n temprana.<\/p>\n\n\n\n<figure class=\"wp-block-image\"><img decoding=\"async\" src=\"https:\/\/tn.com.ar\/resizer\/9MY3jBDf6bsVyzhWPXZ28l_yZuM=\/767x0\/smart\/filters:format(webp)\/cloudfront-us-east-1.images.arcpublishing.com\/artear\/2LRAZBDK25GCTNPVBNDVFNQ5A4.jpeg\" alt=\"El contagio de la lepra se produce a trav\u00e9s de las v\u00edas a\u00e9reas superiores y la piel (Foto: Adobe Stock)\"\/><figcaption>El contagio de la lepra se produce a trav\u00e9s de las v\u00edas a\u00e9reas superiores y la piel (Foto: Adobe Stock)<\/figcaption><\/figure>\n\n\n\n<p>Por su parte, la responsable del servicio de Dermatolog\u00eda del Hospital Escuela, Gabriela Gonz\u00e1lez Campos, explic\u00f3 que la lepra es una enfermedad \u201cproducida por un microbio llamado&nbsp;<em>mycobacterium leprae<\/em>&nbsp;que afecta preferentemente&nbsp;<strong>la piel y los nervios perif\u00e9ricos<\/strong>, en ocasiones las mucosas y \u00f3rganos internos\u201d.<\/p>\n\n\n\n<p>La especialista indic\u00f3 como uno de los puntos a destacar la problem\u00e1tica en las relaciones que genera la lepra: dependiendo del contexto psicol\u00f3gico y cultural del enfermo, la relaci\u00f3n social, laboral y familiar puede verse afectada. \u201cEsto se debe al rechazo y al temor que<strong>&nbsp;la lepra<\/strong>&nbsp;siempre provoc\u00f3\u201d, dijo, tras lo cual precis\u00f3: \u201cAntes se aislaba a los enfermos, actualmente esto no es necesario porque existen medicamentos muy eficaces que permiten que el tratamiento sea ambulatorio. Adem\u00e1s, hoy se conoce que es de dif\u00edcil contagio\u201d.<\/p>\n\n\n\n<h2 class=\"wp-block-heading\">C\u00f3mo se transmite la lepra y cu\u00e1les son sus s\u00edntomas<\/h2>\n\n\n\n<p>La lepra es una&nbsp;<strong>enfermedad curable<\/strong>, causada por el citado microbio y, en los casos m\u00e1s graves, puede comprometer tambi\u00e9n las mucosas de las v\u00edas a\u00e9reas superiores y otros \u00f3rganos como los ganglios, el h\u00edgado, o el bazo. Ante este tipo de casos, si no se realiza un diagn\u00f3stico precoz y un tratamiento regular y completo, puede generar discapacidades f\u00edsicas, permanentes y progresivas, as\u00ed como tambi\u00e9n dificultad en las relaciones sociales, laborales y familiares, a causa del temor y el rechazo que la lepra hist\u00f3ricamente ha provocado. Con el tratamiento oportuno, la lepra tiene cura, explicaron desde la cartera sanitaria de Misiones.<\/p>\n\n\n\n<p><strong>El contagio<\/strong>&nbsp;es de persona a persona por contacto directo y prolongado, entre 3 y 5 a\u00f1os. Se produce entre un enfermo no tratado con posibilidad de transmitir (no todos los que padecen lepra contagian) y una persona susceptible, es decir con una predisposici\u00f3n especial para enfermarse. Las v\u00edas de transmisi\u00f3n incluyen principalmente, las secreciones respiratorias de una persona enferma y no tratada, y en menor medida en heridas de la piel y secreciones nasales.<\/p>\n\n\n\n<p>Los&nbsp;<strong>s\u00edntomas&nbsp;<\/strong>de la lepra pueden tardar hasta 20 a\u00f1os en aparecer e incluyen:<\/p>\n\n\n\n<ul class=\"wp-block-list\"><li>Lesiones cut\u00e1neas que son m\u00e1s claras que el color normal de la piel.<\/li><li>Lesiones que presentan disminuci\u00f3n de la sensibilidad al tacto, al calor o al dolor.<\/li><li>Lesiones que no sanan despu\u00e9s de algunas semanas o meses.<\/li><li>Debilidad muscular.<\/li><li>Alteraciones de la sensibilidad en manos, brazos, pies y piernas.<\/li><\/ul>\n\n\n\n<h2 class=\"wp-block-heading\">C\u00f3mo puede prevenirse y c\u00f3mo se trata la lepra<\/h2>\n\n\n\n<p>La mejor manera de evitar el contagio de la lepra es que las personas infectadas tengan el diagn\u00f3stico y&nbsp;<strong>tratamiento temprano<\/strong>. En el caso de las personas que estuvieron en contacto directo con personas infectadas sin tratamiento, es importante realizar controles peri\u00f3dicos.<\/p>\n\n\n\n<p>El tratamiento es&nbsp;<strong>ambulatorio<\/strong>, es decir que no precisa ning\u00fan tipo de internaci\u00f3n, e incluye el uso de antibi\u00f3ticos, antiinflamatorios y el tratamiento de las secuelas. La medicaci\u00f3n es entregada en forma gratuita y el paciente tratado, puede seguir haciendo su vida normal.<\/p>\n","protected":false},"excerpt":{"rendered":"<p>El ministerio de Salud de Misiones inform\u00f3 que en la Argentina se detectan en promedio unos 300 casos por a\u00f1o de&nbsp;lepra&nbsp;desde 2016, a la vez que indic\u00f3 que, si bien&hellip; <\/p>\n","protected":false},"author":12,"featured_media":120469,"comment_status":"closed","ping_status":"open","sticky":false,"template":"","format":"standard","meta":{"footnotes":""},"categories":[1],"tags":[],"class_list":["post-120439","post","type-post","status-publish","format-standard","has-post-thumbnail","hentry","category-informacion-general"],"_links":{"self":[{"href":"https:\/\/corrientesdetarde.com\/index.php\/wp-json\/wp\/v2\/posts\/120439","targetHints":{"allow":["GET"]}}],"collection":[{"href":"https:\/\/corrientesdetarde.com\/index.php\/wp-json\/wp\/v2\/posts"}],"about":[{"href":"https:\/\/corrientesdetarde.com\/index.php\/wp-json\/wp\/v2\/types\/post"}],"author":[{"embeddable":true,"href":"https:\/\/corrientesdetarde.com\/index.php\/wp-json\/wp\/v2\/users\/12"}],"replies":[{"embeddable":true,"href":"https:\/\/corrientesdetarde.com\/index.php\/wp-json\/wp\/v2\/comments?post=120439"}],"version-history":[{"count":2,"href":"https:\/\/corrientesdetarde.com\/index.php\/wp-json\/wp\/v2\/posts\/120439\/revisions"}],"predecessor-version":[{"id":120470,"href":"https:\/\/corrientesdetarde.com\/index.php\/wp-json\/wp\/v2\/posts\/120439\/revisions\/120470"}],"wp:featuredmedia":[{"embeddable":true,"href":"https:\/\/corrientesdetarde.com\/index.php\/wp-json\/wp\/v2\/media\/120469"}],"wp:attachment":[{"href":"https:\/\/corrientesdetarde.com\/index.php\/wp-json\/wp\/v2\/media?parent=120439"}],"wp:term":[{"taxonomy":"category","embeddable":true,"href":"https:\/\/corrientesdetarde.com\/index.php\/wp-json\/wp\/v2\/categories?post=120439"},{"taxonomy":"post_tag","embeddable":true,"href":"https:\/\/corrientesdetarde.com\/index.php\/wp-json\/wp\/v2\/tags?post=120439"}],"curies":[{"name":"wp","href":"https:\/\/api.w.org\/{rel}","templated":true}]}}