{"id":120454,"date":"2024-01-24T11:18:33","date_gmt":"2024-01-24T14:18:33","guid":{"rendered":"https:\/\/corrientesdetarde.com\/?p=120454"},"modified":"2024-01-24T12:01:25","modified_gmt":"2024-01-24T15:01:25","slug":"selena-gomez-mostro-el-antes-y-despues-de-su-cuerpo-en-bikini-nunca-mas-lucire-asi","status":"publish","type":"post","link":"https:\/\/corrientesdetarde.com\/index.php\/espectaculos\/selena-gomez-mostro-el-antes-y-despues-de-su-cuerpo-en-bikini-nunca-mas-lucire-asi\/","title":{"rendered":"Selena G\u00f3mez mostr\u00f3 el antes y despu\u00e9s de su cuerpo en bikini: \u201cNunca m\u00e1s lucir\u00e9 as\u00ed\u201d"},"content":{"rendered":"\n<p><strong>Selena G\u00f3mez<\/strong>\u00a0es una de las artistas m\u00e1s exitosas de su generaci\u00f3n y sus looks la sit\u00faan como \u00edcono de estilo. La ex chica Disney y cantante fue<strong>\u00a0diagnosticada con lupus en 2015<\/strong>, y ha contado que la medicaci\u00f3n que toma para tratar esta enfermedad autoinmune la hace subir de peso. Ahora, mostr\u00f3 su cambio f\u00edsico con dos im\u00e1genes en bikini.<\/p>\n\n\n\n<p>A trav\u00e9s de sus historias de Instagram, donde acumula m\u00e1s de 400 millones de seguidores, comparti\u00f3 una imagen que data del&nbsp;<strong>2013<\/strong>&nbsp;en la que se la ve en traje de ba\u00f1o.&nbsp;<strong>\u201cHoy me di cuenta de que nunca lucir\u00e9 as\u00ed de nuevo\u201d<\/strong>, dijo en un texto sobre la foto.<\/p>\n\n\n\n<figure class=\"wp-block-image\"><img decoding=\"async\" src=\"https:\/\/tn.com.ar\/resizer\/gLnnZFk0w_nJ_-8YZ2lwcdwL3Q0=\/767x0\/smart\/filters:format(webp)\/cloudfront-us-east-1.images.arcpublishing.com\/artear\/L23PLW47IVA5BK3LICWN3GX77I.jpg\" alt=\"Selena G\u00f3mez, hace 10 a\u00f1os en bikini. (Foto: Instagram\/@selenagomez)\"\/><figcaption>Selena G\u00f3mez, hace 10 a\u00f1os en bikini. (Foto: Instagram\/@selenagomez)<\/figcaption><\/figure>\n\n\n\n<p>A continuaci\u00f3n, public\u00f3 una imagen actual, tambi\u00e9n en traje de ba\u00f1o, donde se la va con m\u00e1s curvas.El texto sobre la imagen sigui\u00f3:&nbsp;<strong>\u201cNo soy perfecta, pero estoy orgullosa de ser quien soy. A veces me olvido de que est\u00e1 bien ser yo\u201d, admiti\u00f3.<\/strong><\/p>\n\n\n\n<figure class=\"wp-block-image\"><img decoding=\"async\" src=\"https:\/\/tn.com.ar\/resizer\/VHfF0SGsGGCOjJBSlXBrJ748yXE=\/767x0\/smart\/filters:format(webp)\/cloudfront-us-east-1.images.arcpublishing.com\/artear\/77KKLUTAOFDCLEWCVCGKW6VXB4.jpg\" alt=\"Selena G\u00f3mez comparti\u00f3 una foto en traje de ba\u00f1o y reflexion\u00f3 sobre su cuerpo.(Foto: Instagram\/@selenagomez)\"\/><figcaption>Selena G\u00f3mez comparti\u00f3 una foto en traje de ba\u00f1o y reflexion\u00f3 sobre su cuerpo.(Foto: Instagram\/@selenagomez)<\/figcaption><\/figure>\n\n\n\n<p>As\u00ed, se sum\u00f3 a otras celebridades como\u00a0<strong>Camila Cabello<\/strong>\u00a0y\u00a0<strong>Ashley Graham,<\/strong>\u00a0que utilizan su influencia en las redes sociales para mostrar diversidad de cuerpos y transmitir un mensaje\u00a0<em><strong>body positive\u00a0<\/strong><\/em>que normaliza y acepta los f\u00edsicos que salen del par\u00e1metro de belleza hegem\u00f3nica.<\/p>\n\n\n\n<h2 class=\"wp-block-heading\">Selena Gomez respondi\u00f3 a las cr\u00edticas sobre su peso<\/h2>\n\n\n\n<p>Un a\u00f1o atr\u00e1s, Selena G\u00f3mez hizo un descargo en TikTok tras recibir cr\u00edticas y comentarios negativos por su peso. En el video, mencion\u00f3&nbsp;<strong>la fuerte medicaci\u00f3n que consume para el lupus. \u201cCuando me la tomo suelo retener muchos l\u00edquidos y cuando dejo la medicaci\u00f3n tiendo a perder todo ese peso&#8230; es lo que me pasa habitualmente\u201d.<\/strong><\/p>\n\n\n\n<figure class=\"wp-block-image\"><img decoding=\"async\" src=\"https:\/\/tn.com.ar\/resizer\/xUAluJztz_4cavMEHC6dzeNqg0g=\/767x0\/smart\/filters:format(webp)\/cloudfront-us-east-1.images.arcpublishing.com\/artear\/MRNPPFHNHRGXLMIUKVKFGOGHVI.jpg\" alt=\"Selena G\u00f3mez se pronunci\u00f3 sobre su peso despu\u00e9s de recibir cr\u00edticas. (Foto: Instagram\/@selenagomez)\"\/><figcaption>Selena G\u00f3mez se pronunci\u00f3 sobre su peso despu\u00e9s de recibir cr\u00edticas. (Foto: Instagram\/@selenagomez)<\/figcaption><\/figure>\n\n\n\n<p>Por otro lado, expres\u00f3 palabras de aliento para las personas que sufren hostigamiento por no seguir los patrones de la belleza esperados: \u201c<strong>Solo quiero animar a cualquiera que sienta alg\u00fan tipo de verg\u00fcenza por lo que sea que est\u00e9 pasando. Nadie conoce nuestras verdaderas historias.<\/strong>&nbsp;Solo quiero que la gente sepa que es hermosa y maravillosa. S\u00ed, tenemos d\u00edas en los que tal vez nos sentimos mal, pero prefiero estar sana y cuidarme.&nbsp;<strong>Mi medicaci\u00f3n es importante y creo que es la que me ayuda<\/strong>\u201d.<\/p>\n\n\n\n<figure class=\"wp-block-image\"><img decoding=\"async\" src=\"https:\/\/tn.com.ar\/resizer\/uMCCGbSO943DmxryPG6_df1k7Bc=\/767x0\/smart\/filters:format(webp)\/cloudfront-us-east-1.images.arcpublishing.com\/artear\/EJB3GJRUSVHNXOQLLG5UGL6YX4.jpg\" alt=\"Orgullosa de su cuerpo, Selena G\u00f3mez posa en microbikini. (Foto: Instagram\/@selenagomez)\"\/><figcaption>Orgullosa de su cuerpo, Selena G\u00f3mez posa en microbikini. (Foto: Instagram\/@selenagomez)<\/figcaption><\/figure>\n\n\n\n<p>Finalmente, hizo referencia a las expectativas que tiene el resto sobre ella: \u201c<strong>No soy una modelo, nunca lo ser\u00e9.<\/strong>\u00a0Creo que son incre\u00edbles, pero yo no soy nada de eso. Gracias por apoyarme y comprenderme.Si no me apoyas, m\u00e1rchate, porque no estoy de acuerdo con avergonzar a las personas por sus cuerpos\u201d, cerr\u00f3.<\/p>\n","protected":false},"excerpt":{"rendered":"<p>Selena G\u00f3mez\u00a0es una de las artistas m\u00e1s exitosas de su generaci\u00f3n y sus looks la sit\u00faan como \u00edcono de estilo. La ex chica Disney y cantante fue\u00a0diagnosticada con lupus en&hellip; <\/p>\n","protected":false},"author":12,"featured_media":120457,"comment_status":"closed","ping_status":"open","sticky":false,"template":"","format":"standard","meta":{"footnotes":""},"categories":[19],"tags":[],"class_list":["post-120454","post","type-post","status-publish","format-standard","has-post-thumbnail","hentry","category-espectaculos"],"_links":{"self":[{"href":"https:\/\/corrientesdetarde.com\/index.php\/wp-json\/wp\/v2\/posts\/120454","targetHints":{"allow":["GET"]}}],"collection":[{"href":"https:\/\/corrientesdetarde.com\/index.php\/wp-json\/wp\/v2\/posts"}],"about":[{"href":"https:\/\/corrientesdetarde.com\/index.php\/wp-json\/wp\/v2\/types\/post"}],"author":[{"embeddable":true,"href":"https:\/\/corrientesdetarde.com\/index.php\/wp-json\/wp\/v2\/users\/12"}],"replies":[{"embeddable":true,"href":"https:\/\/corrientesdetarde.com\/index.php\/wp-json\/wp\/v2\/comments?post=120454"}],"version-history":[{"count":2,"href":"https:\/\/corrientesdetarde.com\/index.php\/wp-json\/wp\/v2\/posts\/120454\/revisions"}],"predecessor-version":[{"id":120467,"href":"https:\/\/corrientesdetarde.com\/index.php\/wp-json\/wp\/v2\/posts\/120454\/revisions\/120467"}],"wp:featuredmedia":[{"embeddable":true,"href":"https:\/\/corrientesdetarde.com\/index.php\/wp-json\/wp\/v2\/media\/120457"}],"wp:attachment":[{"href":"https:\/\/corrientesdetarde.com\/index.php\/wp-json\/wp\/v2\/media?parent=120454"}],"wp:term":[{"taxonomy":"category","embeddable":true,"href":"https:\/\/corrientesdetarde.com\/index.php\/wp-json\/wp\/v2\/categories?post=120454"},{"taxonomy":"post_tag","embeddable":true,"href":"https:\/\/corrientesdetarde.com\/index.php\/wp-json\/wp\/v2\/tags?post=120454"}],"curies":[{"name":"wp","href":"https:\/\/api.w.org\/{rel}","templated":true}]}}