{"id":120462,"date":"2024-01-24T12:08:26","date_gmt":"2024-01-24T15:08:26","guid":{"rendered":"https:\/\/corrientesdetarde.com\/?p=120462"},"modified":"2024-01-24T12:17:51","modified_gmt":"2024-01-24T15:17:51","slug":"murio-sara-rus-la-madre-de-plaza-de-mayo-que-sobrevivio-al-holocausto","status":"publish","type":"post","link":"https:\/\/corrientesdetarde.com\/index.php\/sociales\/murio-sara-rus-la-madre-de-plaza-de-mayo-que-sobrevivio-al-holocausto\/","title":{"rendered":"Muri\u00f3 Sara Rus, la madre de Plaza de Mayo que sobrevivi\u00f3 al Holocausto"},"content":{"rendered":"\n<p>Esta madrugada\u00a0<strong>muri\u00f3\u00a0<\/strong>Schejne Mar\u00eda Laskier de Rus, m\u00e1s conocida como<strong>\u00a0Sara Rus,\u00a0madre de Plaza de Mayo<\/strong>\u00a0L\u00ednea Fundadora y\u00a0<strong>sobreviviente del Holocausto.<\/strong><\/p>\n\n\n\n<p>Fue su hija Natalia quien confirm\u00f3 la noticia. Los restos de la dirigente ser\u00e1n sepultados ma\u00f1ana, cuando hubiera cumplido 97 a\u00f1os, en el cementerio Israelita de la localidad de La Tablada, en el partido bonaerense de La Matanza.<\/p>\n\n\n\n<p>Por decisi\u00f3n de la familia no se realizar\u00e1 velatorio y la despedida final ser\u00e1 directamente ma\u00f1ana en el cementerio, donde est\u00e1 prevista una peque\u00f1a ceremonia, seg\u00fan inform\u00f3 la agencia&nbsp;<em>D<\/em>.<\/p>\n\n\n\n<figure class=\"wp-block-image\"><img decoding=\"async\" src=\"https:\/\/tn.com.ar\/resizer\/U4kevpoKfCd6sQQiqziKCpWNGDA=\/767x0\/smart\/filters:format(webp)\/cloudfront-us-east-1.images.arcpublishing.com\/artear\/UEHCRBZMJJF6FEBZM6P7UUSTMI.jpg\" alt=\"Sara Rus muri\u00f3 en la madrugada de este mi\u00e9rcoles. (Foto: T\u00e9lam)\"\/><figcaption>Sara Rus muri\u00f3 en la madrugada de este mi\u00e9rcoles. (Foto: T\u00e9lam)<\/figcaption><\/figure>\n\n\n\n<h2 class=\"wp-block-heading\">Sara, de sobrevivir al Holocausto a perder un hijo en la dictadura militar<\/h2>\n\n\n\n<p>Sara se convirti\u00f3 en una referente de la lucha que se enfrent\u00f3 con la \u00faltima dictadura c\u00edvico militar y fund\u00f3 la organizaci\u00f3n de Derechos Humanos&nbsp;<strong>Madres de Plaza de Mayo.<\/strong><\/p>\n\n\n\n<p>Naci\u00f3 en Polonia en 1927 en la ciudad de Lodz, y a los 12 a\u00f1os la trasladaron junto a su familia al gueto de esa ciudad, en el contexto de las deportaciones masivas ordenas por los agentes del Tercer Reich que hab\u00edan ocupado el pa\u00eds.<\/p>\n\n\n\n<p>Poco despu\u00e9s, los nazis la llevaron al campo de concentraci\u00f3n de&nbsp;<strong>Auschwitz<\/strong>, y por \u00faltimo a Mauthausen, lugar donde fue&nbsp;<strong>liberada&nbsp;<\/strong>por las tropas aliadas al final de la Segunda Guerra Mundial.<\/p>\n\n\n\n<p>En el final del conflicto b\u00e9lico, Sara y su esposo Bernardo, a quien conoci\u00f3 en uno de los campos de concentraci\u00f3n, emigraron a la Argentina para comenzar una nueva vida. Ac\u00e1 tuvieron dos hijos:&nbsp;<strong>Daniel y Natalia.<\/strong><\/p>\n\n\n\n<figure class=\"wp-block-image\"><img decoding=\"async\" src=\"https:\/\/tn.com.ar\/resizer\/qzXYruxCE65i1DtWUXZe0s_lWSM=\/767x0\/smart\/filters:format(webp)\/cloudfront-us-east-1.images.arcpublishing.com\/artear\/B7O7343W3FCCVPCVWDBDXFZRRQ.jpg\" alt=\"Sara y su mam\u00e1, despu\u00e9s de la guerra. (Foto: Familia Rus)\"\/><figcaption>Sara y su mam\u00e1, despu\u00e9s de la guerra. (Foto: Familia Rus)<\/figcaption><\/figure>\n\n\n\n<p>Sin embargo, la tragedia nuevamente golpe\u00f3 su vida.<strong>&nbsp;El 15 de julio de 1977, el Gobierno militar secuestr\u00f3 a Daniel,&nbsp;<\/strong>f\u00edsico nuclear,en las inmediaciones de una de las sedes de la Comisi\u00f3n Nacional de Energ\u00eda At\u00f3mica (CNEA), donde cumpl\u00eda con sus tareas laborales.<\/p>\n\n\n\n<p>Desde entonces, Sara se convirti\u00f3 en un<strong>&nbsp;\u00edcono de los Derechos Humanos a nivel nacional e internacional<\/strong>. Adem\u00e1s de ser miembro de Madres de Plaza de Mayo-L\u00ednea Fundadora, Rus tambi\u00e9n integr\u00f3 la Asociaci\u00f3n Sobrevivientes de la Persecuci\u00f3n Nazi.<\/p>\n\n\n\n<p>El a\u00f1o pasado, el Estado repar\u00f3 el legajo de su hijo Daniel, donde se detall\u00f3 que el motivo de la desvinculaci\u00f3n laboral tuvo que ver con haber sido v\u00edctima del terrorismo de Estado. La constancia fue entregada a su madre el 10 de octubre en un acto realizado en el auditorio del Centro At\u00f3mico Constituyentes.<\/p>\n\n\n\n<figure class=\"wp-block-image\"><img decoding=\"async\" src=\"https:\/\/tn.com.ar\/resizer\/sIlhgGkW5vUJB6MTBGbTgeO9rFw=\/767x0\/smart\/filters:format(webp)\/cloudfront-us-east-1.images.arcpublishing.com\/artear\/BQOZQ4IHC7HIIODVN4WN7KK34E.jpg\" alt=\"Daniel Rus, el hijo de Sara, era f\u00edsico nuclear. Lo secuestraron en 1977, a los 26 a\u00f1os. (Foto: Familia Rus)\"\/><figcaption>Daniel Rus, el hijo de Sara, era f\u00edsico nuclear. Lo secuestraron en 1977, a los 26 a\u00f1os. (Foto: Familia Rus)<\/figcaption><\/figure>\n\n\n\n<p>Con la noticia de su fallecimiento, referentes de movimientos sociales y de Derechos Humanos la despidieron con cari\u00f1o en las redes sociales. \u201cDespedimos con tristeza a Sara Rus, Madre de Plaza de Mayo y sobreviviente de Auschwitz. Lleg\u00f3 a la Argentina en 1948 y en 1977 la dictadura desapareci\u00f3 a su hijo Daniel. \u00a1Hasta siempre compa\u00f1era! Seguiremos haciendo memoria para que los cr\u00edmenes contra la humanidad cesen\u201d, escribieron desde la cuenta de<strong>\u00a0Abuelas de Plaza de Mayo.<\/strong><\/p>\n\n\n\n<p>Adem\u00e1s, el juez federal&nbsp;<strong>Daniel Rafecas<\/strong>&nbsp;escribi\u00f3 en su cuenta de Instagram: \u201cHoy parti\u00f3 Sara Rus. A sus casi 97 a\u00f1os, fue una luchadora formidable toda su vida, hasta su \u00faltimo aliento. Nacida en Lodz, Polonia. A sus 12 a\u00f1os sufri\u00f3 la invasi\u00f3n nazi, y la deportaci\u00f3n a Auschwitz y otros campos, de los que pudo sobrevivir junto con su mam\u00e1. Inmigr\u00f3 a la Argentina, form\u00f3 una familia, tuvo dos hijos, Naty y Daniel, este \u00faltimo, f\u00edsico nuclear de la CNEA, que fue secuestrado durante la \u00faltima dictadura y permanece desaparecido\u201d.<\/p>\n\n\n\n<p>\u201cSara fue y ser\u00e1 siempre un ejemplo de dignidad, de b\u00fasqueda, de perseverancia, pero tambi\u00e9n de amor, de solidaridad, de vida. El mundo ser\u00e1 un poco m\u00e1s hostil a partir de hoy. Se nos fue Sarita, una justa con may\u00fasculas. Su testimonio habr\u00e1 de continuar en todos los que tuvimos el privilegio de estar cerca de ella. @nataliaines.rus querida hermana del sabes que estamos con vos, Jos\u00e9 y las chicas en estos momentos de dolor\u201d, complet\u00f3.<\/p>\n","protected":false},"excerpt":{"rendered":"<p>Esta madrugada\u00a0muri\u00f3\u00a0Schejne Mar\u00eda Laskier de Rus, m\u00e1s conocida como\u00a0Sara Rus,\u00a0madre de Plaza de Mayo\u00a0L\u00ednea Fundadora y\u00a0sobreviviente del Holocausto. Fue su hija Natalia quien confirm\u00f3 la noticia. Los restos de la&hellip; <\/p>\n","protected":false},"author":12,"featured_media":120475,"comment_status":"closed","ping_status":"open","sticky":false,"template":"","format":"standard","meta":{"footnotes":""},"categories":[17],"tags":[],"class_list":["post-120462","post","type-post","status-publish","format-standard","has-post-thumbnail","hentry","category-sociales"],"_links":{"self":[{"href":"https:\/\/corrientesdetarde.com\/index.php\/wp-json\/wp\/v2\/posts\/120462","targetHints":{"allow":["GET"]}}],"collection":[{"href":"https:\/\/corrientesdetarde.com\/index.php\/wp-json\/wp\/v2\/posts"}],"about":[{"href":"https:\/\/corrientesdetarde.com\/index.php\/wp-json\/wp\/v2\/types\/post"}],"author":[{"embeddable":true,"href":"https:\/\/corrientesdetarde.com\/index.php\/wp-json\/wp\/v2\/users\/12"}],"replies":[{"embeddable":true,"href":"https:\/\/corrientesdetarde.com\/index.php\/wp-json\/wp\/v2\/comments?post=120462"}],"version-history":[{"count":2,"href":"https:\/\/corrientesdetarde.com\/index.php\/wp-json\/wp\/v2\/posts\/120462\/revisions"}],"predecessor-version":[{"id":120480,"href":"https:\/\/corrientesdetarde.com\/index.php\/wp-json\/wp\/v2\/posts\/120462\/revisions\/120480"}],"wp:featuredmedia":[{"embeddable":true,"href":"https:\/\/corrientesdetarde.com\/index.php\/wp-json\/wp\/v2\/media\/120475"}],"wp:attachment":[{"href":"https:\/\/corrientesdetarde.com\/index.php\/wp-json\/wp\/v2\/media?parent=120462"}],"wp:term":[{"taxonomy":"category","embeddable":true,"href":"https:\/\/corrientesdetarde.com\/index.php\/wp-json\/wp\/v2\/categories?post=120462"},{"taxonomy":"post_tag","embeddable":true,"href":"https:\/\/corrientesdetarde.com\/index.php\/wp-json\/wp\/v2\/tags?post=120462"}],"curies":[{"name":"wp","href":"https:\/\/api.w.org\/{rel}","templated":true}]}}