{"id":120464,"date":"2024-01-24T12:18:41","date_gmt":"2024-01-24T15:18:41","guid":{"rendered":"https:\/\/corrientesdetarde.com\/?p=120464"},"modified":"2024-01-24T12:25:40","modified_gmt":"2024-01-24T15:25:40","slug":"santa-cruz-rematara-mas-del-80-por-ciento-de-la-flota-de-autos-del-estado-para-construir-nuevas-escuelas","status":"publish","type":"post","link":"https:\/\/corrientesdetarde.com\/index.php\/informacion-general\/santa-cruz-rematara-mas-del-80-por-ciento-de-la-flota-de-autos-del-estado-para-construir-nuevas-escuelas\/","title":{"rendered":"Santa Cruz rematar\u00e1 m\u00e1s del 80 por ciento de la flota de autos del Estado para construir nuevas escuelas"},"content":{"rendered":"\n<p>El&nbsp;nuevo gobernador de Santa Cruz, Claudio Vidal, anunci\u00f3 que<strong>&nbsp;se rematar\u00e1 m\u00e1s del 80 por ciento de la flota de autos del Estado provincial<\/strong>. El objetivo: reducir gastos y recaudar dinero para invertirlo en educaci\u00f3n, principalmente en la refacci\u00f3n de viejas escuelas y en la construcci\u00f3n de nuevos establecimientos.<\/p>\n\n\n\n<p>Vidal public\u00f3 un video en sus redes sociales para explicar la iniciativa y mostrar algunos de los veh\u00edculos que pertenecen a Santa Cruz. Entre ellos, se vieron ejemplares de todo tipo, como<strong>&nbsp;Toyota Hilux, Ford Ranger, Renault Koleos, Ford Transit, Renault Kangoo, Toyota SW4, Chevrolet S10 y hasta una lujos\u00edsima Ram 1500<\/strong>.<\/p>\n\n\n\n<p>\u201cEstos son los veh\u00edculos que utilizaban desde la pol\u00edtica los distintos funcionarios del gobierno anterior. Generaban un gasto innecesario, vi\u00e1ticos, exceso en gasto de combustible\u201d, expres\u00f3 el gobernador.<\/p>\n\n\n\n<figure class=\"wp-block-image\"><img decoding=\"async\" src=\"https:\/\/tn.com.ar\/resizer\/MKPlDvBn7-JE6zCJh_6GyDDNZj0=\/767x0\/smart\/filters:format(webp)\/cloudfront-us-east-1.images.arcpublishing.com\/artear\/HC4RD2OS5VHMBMLAQ3POZH3L5M.JPG\" alt=\"Ram 1500\"\/><figcaption>Ram 1500Por:&nbsp;<strong>Windows 10 Pro<\/strong><\/figcaption><\/figure>\n\n\n\n<h2 class=\"wp-block-heading\">El objetivo: reparar y construir escuelas<\/h2>\n\n\n\n<p>Vidal cont\u00f3 que estos veh\u00edculos ser\u00e1n rematados para reparar y construir nuevas escuelas. Y revel\u00f3 un detalle incre\u00edble: \u201c<strong>Todav\u00eda faltan recuperar algunos veh\u00edculos que no sabemos en d\u00f3nde est\u00e1n<\/strong>. Estamos solicitando a trav\u00e9s de una circular que los exfuncionarios devuelvan los veh\u00edculos que ten\u00edan a cargo, que ten\u00edan a disposici\u00f3n\u201d.<\/p>\n\n\n\n<p>\u201cEs incre\u00edble la cantidad de veh\u00edculos de muy buenas marcas, algunos cero kil\u00f3metro o con poco uso, que a partir de ahora est\u00e1n a disposici\u00f3n de la sociedad\u201d.<\/p>\n\n\n\n<p><strong>\u201cEl gasto desproporcionado que generaban estos veh\u00edculos no ten\u00edan l\u00f3gica\u201d<\/strong>, concluy\u00f3 el funcionario.<\/p>\n\n\n\n<p>Claudio Vidal gan\u00f3 las elecciones provinciales en agosto de 2023 con un 46,57 por ciento representando a Por Santa Cruz. Uni\u00f3n por la Patria se llev\u00f3 el 43,77 por ciento de los votos.<\/p>\n\n\n\n<p>\u201cNo es f\u00e1cil consensuar en esta provincia. Durante muchos a\u00f1os estuvimos muy divididos y creo que hoy comienza un camino distinto. Creo que podemos salir adelante y estoy convencido que ustedes y los santacruce\u00f1os nos merecemos la oportunidad de vivir mejor y esto se genera cuando hay intenciones de trabajar por los dem\u00e1s\u201d, dijo ante el p\u00fablico luego del hist\u00f3rico acto eleccionario.<\/p>\n\n\n\n<figure class=\"wp-block-image\"><img decoding=\"async\" src=\"https:\/\/tn.com.ar\/resizer\/eqVlkdUXg9-IVaUXXPTP0pMKR6I=\/767x0\/smart\/filters:format(webp)\/cloudfront-us-east-1.images.arcpublishing.com\/artear\/VO2NHDAV3NE4VHDRGOIVWFJMSY.JPG\" alt=\"Ford Ranger\"\/><figcaption>Ford RangerPor:&nbsp;<strong>Windows 10 Pro<\/strong><\/figcaption><\/figure>\n\n\n\n<figure class=\"wp-block-image\"><img decoding=\"async\" src=\"https:\/\/tn.com.ar\/resizer\/OQCPhLu6arq0UjgtMquTPoDJVBk=\/767x0\/smart\/filters:format(webp)\/cloudfront-us-east-1.images.arcpublishing.com\/artear\/6T5KE7HEMRGUVGIZOO7EZKRHHM.JPG\" alt=\"Ford Ranger\"\/><figcaption>Ford RangerPor:&nbsp;<strong>Windows 10 Pro<\/strong><\/figcaption><\/figure>\n\n\n\n<figure class=\"wp-block-image\"><img decoding=\"async\" src=\"https:\/\/tn.com.ar\/resizer\/0p6S6bsiGct1jRE2QMJMPNc7bgM=\/767x0\/smart\/filters:format(webp)\/cloudfront-us-east-1.images.arcpublishing.com\/artear\/TP5ZUUAC5ZARTCXDKTP33YT4TA.JPG\" alt=\"Renault Alaskan\"\/><figcaption>Renault AlaskanPor:&nbsp;<strong>Windows 10 Pro<\/strong><\/figcaption><\/figure>\n\n\n\n<figure class=\"wp-block-image\"><img decoding=\"async\" src=\"https:\/\/tn.com.ar\/resizer\/9gmNKX6q0F_4_xWExcpwmh2ddIg=\/767x0\/smart\/filters:format(webp)\/cloudfront-us-east-1.images.arcpublishing.com\/artear\/STNQYVHJKBB3PHBFZFN4Y2MCLE.JPG\" alt=\"Toyota Hilux\"\/><figcaption>Toyota HiluxPor:&nbsp;<strong>Windows 10 Pro<\/strong><\/figcaption><\/figure>\n\n\n\n<figure class=\"wp-block-image\"><img decoding=\"async\" src=\"https:\/\/tn.com.ar\/resizer\/7JiUOwj0IS-Mu2YLEweyBaVMqiQ=\/767x0\/smart\/filters:format(webp)\/cloudfront-us-east-1.images.arcpublishing.com\/artear\/TPM4KSST7NFK5KQI7LS4X2ZSRE.JPG\" alt=\"Toyota SW4\"\/><figcaption>Toyota SW4Por:&nbsp;<strong>Windows 10 Pro<\/strong><\/figcaption><\/figure>\n","protected":false},"excerpt":{"rendered":"<p>El&nbsp;nuevo gobernador de Santa Cruz, Claudio Vidal, anunci\u00f3 que&nbsp;se rematar\u00e1 m\u00e1s del 80 por ciento de la flota de autos del Estado provincial. El objetivo: reducir gastos y recaudar dinero&hellip; <\/p>\n","protected":false},"author":12,"featured_media":120477,"comment_status":"closed","ping_status":"open","sticky":false,"template":"","format":"standard","meta":{"footnotes":""},"categories":[1,3],"tags":[],"class_list":["post-120464","post","type-post","status-publish","format-standard","has-post-thumbnail","hentry","category-informacion-general","category-politica"],"_links":{"self":[{"href":"https:\/\/corrientesdetarde.com\/index.php\/wp-json\/wp\/v2\/posts\/120464","targetHints":{"allow":["GET"]}}],"collection":[{"href":"https:\/\/corrientesdetarde.com\/index.php\/wp-json\/wp\/v2\/posts"}],"about":[{"href":"https:\/\/corrientesdetarde.com\/index.php\/wp-json\/wp\/v2\/types\/post"}],"author":[{"embeddable":true,"href":"https:\/\/corrientesdetarde.com\/index.php\/wp-json\/wp\/v2\/users\/12"}],"replies":[{"embeddable":true,"href":"https:\/\/corrientesdetarde.com\/index.php\/wp-json\/wp\/v2\/comments?post=120464"}],"version-history":[{"count":2,"href":"https:\/\/corrientesdetarde.com\/index.php\/wp-json\/wp\/v2\/posts\/120464\/revisions"}],"predecessor-version":[{"id":120487,"href":"https:\/\/corrientesdetarde.com\/index.php\/wp-json\/wp\/v2\/posts\/120464\/revisions\/120487"}],"wp:featuredmedia":[{"embeddable":true,"href":"https:\/\/corrientesdetarde.com\/index.php\/wp-json\/wp\/v2\/media\/120477"}],"wp:attachment":[{"href":"https:\/\/corrientesdetarde.com\/index.php\/wp-json\/wp\/v2\/media?parent=120464"}],"wp:term":[{"taxonomy":"category","embeddable":true,"href":"https:\/\/corrientesdetarde.com\/index.php\/wp-json\/wp\/v2\/categories?post=120464"},{"taxonomy":"post_tag","embeddable":true,"href":"https:\/\/corrientesdetarde.com\/index.php\/wp-json\/wp\/v2\/tags?post=120464"}],"curies":[{"name":"wp","href":"https:\/\/api.w.org\/{rel}","templated":true}]}}