{"id":120492,"date":"2024-01-24T15:03:42","date_gmt":"2024-01-24T18:03:42","guid":{"rendered":"https:\/\/corrientesdetarde.com\/?p=120492"},"modified":"2024-01-24T15:03:43","modified_gmt":"2024-01-24T18:03:43","slug":"comenzaron-los-carnavales-barriales-2024con-una-multitud-en-el-banado-norte","status":"publish","type":"post","link":"https:\/\/corrientesdetarde.com\/index.php\/informacion-general\/comenzaron-los-carnavales-barriales-2024con-una-multitud-en-el-banado-norte\/","title":{"rendered":"<strong>Comenzaron los Carnavales Barriales 2024<br>con una multitud en el Ba\u00f1ado Norte<\/strong>"},"content":{"rendered":"\n<p><em>Se inaugur\u00f3 el carnaval de las 25 comparsas y agrupaciones barriales, quienes contaron con el acompa\u00f1amiento masivo de 28.000 personas. El intendente Tassano habilit\u00f3 la edici\u00f3n junto con el vicegobernador. Vecinos y turistas disfrutaron de un espect\u00e1culo cultural y tur\u00edstico, adem\u00e1s de la nieve, coronas de luces y gastronom\u00eda que ofrec\u00edan emprendedores y comerciantes locales.&nbsp;<\/em><\/p>\n\n\n\n<p>El intendente Eduardo Tassano junto con el vicegobernador Pedro Braillard Poccard dieron inicio en la noche del martes al programa que continuar\u00e1 este jueves 25 en el barrio Industrial y la semana que viene desembarcar\u00e1 en los populosos barrios 17 de Agosto y Mil Viviendas. Tassano destac\u00f3 \u201cla organizaci\u00f3n del Municipio y la Provincia para que el carnaval llegue a todos los barrios. Porque no s\u00f3lo se trata de las comparsas, sino todo lo que genera. Es el gran empuje econ\u00f3mico que trae la movilizaci\u00f3n de miles de personas en cada noche de carnaval\u201d.<br>Con un total de 1.800 comparseros y vecinos de todos los barrios comenz\u00f3 la edici\u00f3n 2024 de los Carnavales Barriales, un espect\u00e1culo ya famoso en el pa\u00eds y la regi\u00f3n organizado por la Municipalidad de Corrientes y que durante seis noches recorre distintos puntos de la ciudad.<br>El acto estuvo encabezado por el intendente Eduardo Tassano, acompa\u00f1ado por el vicegobernador Pedro Braillard Poccard y funcionarios provinciales, como el ministro de Coordinaci\u00f3n, Miguel Olivieri y el presidente del Instituto de Cultura, Gabriel Romero. Tambi\u00e9n asistieron funcionarios municipales, como el secretario de Cultura y Educaci\u00f3n, Jos\u00e9 Sand y el de Coordinaci\u00f3n de Gobierno, Hugo Calvano, entre otros.<br>En esta primera noche desfilaron las siguientes comparsas y agrupaciones musicales y humor\u00edsticas: Taragu\u00ed Por\u00e1, Rub\u00ed Show, Renacer, Porto Carioca, Fantas\u00eda, Mit\u00e1 Por\u00e1, Poty Jer\u00e1, La Jaula de las Locas, Las Traviesas, Yas\u00ed Por\u00e1, Osiris, Payasos del Cacique, Samba Pasi\u00f3n, Aram\u00fa, Imperial, Furia Loca, el carro institucional \u201cSabor a Cumbia\u201d, Camb\u00e1 Cu\u00e1 Show y Belleza Unida.<br>Luego siguieron Mit\u00e1 Jorhu, Bella Esperanza y el personaje Dr\u00e1cula, junto con Sarava, Los Dandys y cerr\u00f3 Ara Por\u00e1.<br><br>UN EVENTO DE AMPLIA REPERCUSI\u00d3N<br>En la noche inaugural, el intendente Tassano indic\u00f3 que \u201cestamos viviendo con mucha emoci\u00f3n la inauguraci\u00f3n de los corsos barriales porque ac\u00e1 hay mucho trabajo, hay mucho esfuerzo. Todo el a\u00f1o las comparsas barriales y agrupaciones trabajan y dedican su tiempo para presentar lo mejor\u201d. Por otra parte, Tassano resalt\u00f3 que \u201cen los corsos barriales tambi\u00e9n est\u00e1 presente el cuidado del medio ambiente ya que desde el Municipio fomentamos y colaboramos en la confecci\u00f3n de trajes ambientales y reciclados\u201d.<br>Finalmente, el intendente invit\u00f3 a vecinos y turistas a vivir este espect\u00e1culo cultural y tur\u00edstico, \u00fanico en la regi\u00f3n y el pa\u00eds.<br><br>CONSTRUCCI\u00d3N DE LA CIUDAD DE EVENTOS<br>\u201cEstamos viviendo la primera noche con mucha expectativa por todo el trabajo realizado por los diferentes equipos que pusieron en condiciones el espacio en cada punto de la ciudad\u201d, asever\u00f3 el secretario de Coordinaci\u00f3n de Gobierno, Hugo Calvano.<br>En esa l\u00ednea, el funcionario municipal dio cuenta del trabajo ejecutado por cada una de las agrupaciones y comparsas que participar\u00e1n a lo largo de las seis noches. \u201cVemos el enorme trabajo que ejecutan\u201d, indic\u00f3. Adem\u00e1s, expres\u00f3 que \u201cEsto adem\u00e1s de mostrar nuestra cultura es una apuesta al desarrollo econ\u00f3mico\u201d, y destac\u00f3 el trabajo articulado del Municipio y la Provincia.&nbsp;<br><br>APUESTA A LA CULTURA CORRENTINA<br>Por su parte, el secretario de Cultura y Educaci\u00f3n del municipio capitalino, Jos\u00e9 Sand, sostuvo que \u201ceste es un momento esperado y estamos muy contentos por comenzar la edici\u00f3n 2024, que tendr\u00e1 grandes sorpresas\u201d. &nbsp;Asimismo, afirm\u00f3 que \u201catravesamos un a\u00f1o complejo donde decidimos resguardar el arte y nuestra cultura con seis noches\u201d.<br><br>VOCES DE LOS PARTICIPANTES<br>Por su parte, la comparsera humor\u00edstica Laura Boroni, de Mit\u00e1 Por\u00e1, destac\u00f3 que a\u00f1o a a\u00f1o el evento crece y que \u201ccontamos con muchos integrantes y vecinos que nos vienen a ver\u201d. Tambi\u00e9n resalt\u00f3 la organizaci\u00f3n por parte de la gesti\u00f3n municipal.<br>En tanto, Hermelinda Ojeda del Centro de los Jubilados, remarc\u00f3 que \u201cEsto es una diversi\u00f3n sana que incluye a todas las edades\u201d.&nbsp;<br>Por \u00faltimo, Facundo Ver\u00f3n -pap\u00e1 de una comparsera- indic\u00f3 que \u201cpara nosotros el carnaval es algo que hacemos en familia\u201d e invit\u00f3 a los vecinos a que \u201cse unan a nuestra cultura\u201d.<br><br>CRONOGRAMA DE DESFILES<br>Tras la primera noche de carnaval barrial ejecutada en el Ba\u00f1ado Norte, este jueves 25 de enero se llevar\u00e1 a cabo la segunda noche en el Industrial.<br>La tercera noche ser\u00e1 la semana que viene, el martes 30, en el barrio 17 de Agosto; la cuarta noche se concretar\u00e1 el jueves 1 de febrero en las Mil Viviendas y la quinta noche se llevar\u00e1 a cabo en el P\u00edo X, el martes 6 de febrero.<br>La \u00faltima noche ser\u00e1 el jueves 8 con el gran desfile en la Costanera \u201cJuan Pablo II\u201d.<\/p>\n","protected":false},"excerpt":{"rendered":"<p>Se inaugur\u00f3 el carnaval de las 25 comparsas y agrupaciones barriales, quienes contaron con el acompa\u00f1amiento masivo de 28.000 personas. El intendente Tassano habilit\u00f3 la edici\u00f3n junto con el vicegobernador.&hellip; <\/p>\n","protected":false},"author":3,"featured_media":120493,"comment_status":"closed","ping_status":"open","sticky":false,"template":"","format":"standard","meta":{"footnotes":""},"categories":[1],"tags":[],"class_list":["post-120492","post","type-post","status-publish","format-standard","has-post-thumbnail","hentry","category-informacion-general"],"_links":{"self":[{"href":"https:\/\/corrientesdetarde.com\/index.php\/wp-json\/wp\/v2\/posts\/120492","targetHints":{"allow":["GET"]}}],"collection":[{"href":"https:\/\/corrientesdetarde.com\/index.php\/wp-json\/wp\/v2\/posts"}],"about":[{"href":"https:\/\/corrientesdetarde.com\/index.php\/wp-json\/wp\/v2\/types\/post"}],"author":[{"embeddable":true,"href":"https:\/\/corrientesdetarde.com\/index.php\/wp-json\/wp\/v2\/users\/3"}],"replies":[{"embeddable":true,"href":"https:\/\/corrientesdetarde.com\/index.php\/wp-json\/wp\/v2\/comments?post=120492"}],"version-history":[{"count":1,"href":"https:\/\/corrientesdetarde.com\/index.php\/wp-json\/wp\/v2\/posts\/120492\/revisions"}],"predecessor-version":[{"id":120494,"href":"https:\/\/corrientesdetarde.com\/index.php\/wp-json\/wp\/v2\/posts\/120492\/revisions\/120494"}],"wp:featuredmedia":[{"embeddable":true,"href":"https:\/\/corrientesdetarde.com\/index.php\/wp-json\/wp\/v2\/media\/120493"}],"wp:attachment":[{"href":"https:\/\/corrientesdetarde.com\/index.php\/wp-json\/wp\/v2\/media?parent=120492"}],"wp:term":[{"taxonomy":"category","embeddable":true,"href":"https:\/\/corrientesdetarde.com\/index.php\/wp-json\/wp\/v2\/categories?post=120492"},{"taxonomy":"post_tag","embeddable":true,"href":"https:\/\/corrientesdetarde.com\/index.php\/wp-json\/wp\/v2\/tags?post=120492"}],"curies":[{"name":"wp","href":"https:\/\/api.w.org\/{rel}","templated":true}]}}