{"id":120495,"date":"2024-01-24T15:06:15","date_gmt":"2024-01-24T18:06:15","guid":{"rendered":"https:\/\/corrientesdetarde.com\/?p=120495"},"modified":"2024-01-24T15:06:19","modified_gmt":"2024-01-24T18:06:19","slug":"junto-a-nacion-provincia-delinea-acciones-para-dar-curso-a-iniciativas-municipales","status":"publish","type":"post","link":"https:\/\/corrientesdetarde.com\/index.php\/politica\/junto-a-nacion-provincia-delinea-acciones-para-dar-curso-a-iniciativas-municipales\/","title":{"rendered":"Junto a Naci\u00f3n, Provincia delinea acciones para dar curso a iniciativas municipales"},"content":{"rendered":"\n<p>El subsecretario de Asuntos Municipales de la Provincia, Javier S\u00e1ez, se reuni\u00f3 este martes con el titular de Relaciones con los Municipios nacional,&nbsp;Marcelo D&#8217;abate&nbsp;en funci\u00f3n de fortalecer v\u00ednculos, proyectar acciones y definir pol\u00edticas en conjunto entre ambas administraciones para el desarrollo de las comunas locales.<\/p>\n\n\n\n<p>En este sentido, el funcionario provincial calific\u00f3 como positiva la reuni\u00f3n que mantuvo en la Ciudad Aut\u00f3noma de Buenos Aires, en las instalaciones del ministerio del Interior, al ser consultado.<\/p>\n\n\n\n<p>Saez&nbsp;coment\u00f3 que el objetivo es trabajar con los municipios y la provincia en una agenda en com\u00fan, acompa\u00f1ados por Naci\u00f3n y destac\u00f3 la excelente predisposici\u00f3n del mencionado subsecretario, dependiente de la Secretar\u00eda de Provincias y Municipiosnacional,&nbsp;Marcelo D&#8217;abate,&nbsp;de atender las inquietudes y necesidades de Corrientes.<\/p>\n\n\n\n<p>\u201cDesde la Subsecretar\u00eda a mi cargo somos los voceros y gestores de los municipios, apoyando las iniciativas de los intendentes para trasladarlas al nuevo gobierno nacional\u201d, puntualiz\u00f3 el titular de Asuntos Municipales provincial, se\u00f1alando luego que es fundamental \u201ctrabajar institucionalmente con una visi\u00f3n general sobre las demandas para as\u00ed gestionar los pedidos que le van a servir a cada comuna\u201d.<\/p>\n\n\n\n<p>Por otra parte, Saez coment\u00f3 que desde Naci\u00f3n aseguraron que a partir de los meses de febrero y marzo se van a empezar a motorizar distintos proyectos para los municipios y por ello, la provincia se va a abocar a cada uno de ellos para ir canaliz\u00e1ndolos con los intendentes.<\/p>\n\n\n\n<p>A manera de ejemplo, el funcionario provincial mencion\u00f3 que a fin de tener previsibilidad ante eventuales eventos como ser incendios, sequ\u00edas e inundaciones, como las que padeci\u00f3 la provincia, los pedidos a naci\u00f3n van a estar destinados a poder contar con retroexcavadoras, maquinarias, bombas para sacar aguas y otros implementos, para, llegado el caso, hacer frente de manera eficiente a dichas contingencias.<\/p>\n","protected":false},"excerpt":{"rendered":"<p>El subsecretario de Asuntos Municipales de la Provincia, Javier S\u00e1ez, se reuni\u00f3 este martes con el titular de Relaciones con los Municipios nacional,&nbsp;Marcelo D&#8217;abate&nbsp;en funci\u00f3n de fortalecer v\u00ednculos, proyectar acciones&hellip; <\/p>\n","protected":false},"author":3,"featured_media":120496,"comment_status":"closed","ping_status":"open","sticky":false,"template":"","format":"standard","meta":{"footnotes":""},"categories":[3],"tags":[],"class_list":["post-120495","post","type-post","status-publish","format-standard","has-post-thumbnail","hentry","category-politica"],"_links":{"self":[{"href":"https:\/\/corrientesdetarde.com\/index.php\/wp-json\/wp\/v2\/posts\/120495","targetHints":{"allow":["GET"]}}],"collection":[{"href":"https:\/\/corrientesdetarde.com\/index.php\/wp-json\/wp\/v2\/posts"}],"about":[{"href":"https:\/\/corrientesdetarde.com\/index.php\/wp-json\/wp\/v2\/types\/post"}],"author":[{"embeddable":true,"href":"https:\/\/corrientesdetarde.com\/index.php\/wp-json\/wp\/v2\/users\/3"}],"replies":[{"embeddable":true,"href":"https:\/\/corrientesdetarde.com\/index.php\/wp-json\/wp\/v2\/comments?post=120495"}],"version-history":[{"count":1,"href":"https:\/\/corrientesdetarde.com\/index.php\/wp-json\/wp\/v2\/posts\/120495\/revisions"}],"predecessor-version":[{"id":120497,"href":"https:\/\/corrientesdetarde.com\/index.php\/wp-json\/wp\/v2\/posts\/120495\/revisions\/120497"}],"wp:featuredmedia":[{"embeddable":true,"href":"https:\/\/corrientesdetarde.com\/index.php\/wp-json\/wp\/v2\/media\/120496"}],"wp:attachment":[{"href":"https:\/\/corrientesdetarde.com\/index.php\/wp-json\/wp\/v2\/media?parent=120495"}],"wp:term":[{"taxonomy":"category","embeddable":true,"href":"https:\/\/corrientesdetarde.com\/index.php\/wp-json\/wp\/v2\/categories?post=120495"},{"taxonomy":"post_tag","embeddable":true,"href":"https:\/\/corrientesdetarde.com\/index.php\/wp-json\/wp\/v2\/tags?post=120495"}],"curies":[{"name":"wp","href":"https:\/\/api.w.org\/{rel}","templated":true}]}}