{"id":120498,"date":"2024-01-24T15:07:31","date_gmt":"2024-01-24T18:07:31","guid":{"rendered":"https:\/\/corrientesdetarde.com\/?p=120498"},"modified":"2024-01-24T15:07:42","modified_gmt":"2024-01-24T18:07:42","slug":"paro-de-la-cgt-corrientes-se-hizo-eco-con-una-multitudinaria-movilizacion","status":"publish","type":"post","link":"https:\/\/corrientesdetarde.com\/index.php\/informacion-general\/paro-de-la-cgt-corrientes-se-hizo-eco-con-una-multitudinaria-movilizacion\/","title":{"rendered":"Paro de la CGT: Corrientes se hizo eco con una multitudinaria movilizaci\u00f3n"},"content":{"rendered":"\n<p>La concentraci\u00f3n en la plaza Sargento Cabral de la Capital provincial reuni\u00f3 a cientos de personas adem\u00e1s de la participaci\u00f3n de la CGT, la CTA, organizaciones sociales, de derechos humanos y partidos pol\u00edticos. Los mismos marcharon y se manifestaron en &#8220;defensa de los derechos laborales, de las empresas p\u00fablicas y de la soberan\u00eda nacional&#8221;, entre otras consignas.<\/p>\n\n\n\n<p>Miles de personas se movilizaron en todo el pa\u00eds por el paro convocado por la Confederaci\u00f3n General del Trabajo en rechazo a la legislaci\u00f3n laboral que incluyen el DNU y el proyecto de Ley \u00d3mnibus. De esta forma, con con marchas y protestas, se cumpli\u00f3 el paro en rechazo a las pol\u00edticas del Gobierno.&nbsp;<\/p>\n\n\n\n<figure class=\"wp-block-image\"><img decoding=\"async\" src=\"https:\/\/www.diarioepoca.com\/content\/bucket\/3\/1343653w762h508c.jpg.webp\" alt=\"\"\/><figcaption>GENTILEZA T.L.F<\/figcaption><\/figure>\n\n\n\n<p>En Corrientes se realiz\u00f3 una multitudinaria movilizaci\u00f3n con una concentraci\u00f3n en la plaza Sargento Cabral de la Capital provincial, que contaba con la participaci\u00f3n de la CGT, la CTA, organizaciones sociales, de derechos humanos y partidos pol\u00edticos, que marcharon y se manifestaron en &#8220;defensa de los derechos laborales, de las empresas p\u00fablicas y de la soberan\u00eda nacional&#8221;, entre otras consignas.Previous<\/p>\n\n\n\n<figure class=\"wp-block-image\"><img decoding=\"async\" src=\"https:\/\/www.diarioepoca.com\/content\/bucket\/4\/1343654h720.jpg.webp\" alt=\"WhatsApp Image 2024-01-24 at 1.53.48 PM.jpeg\"\/><figcaption>GENTILEZA T.L.F<\/figcaption><\/figure>\n\n\n\n<figure class=\"wp-block-image\"><img decoding=\"async\" src=\"https:\/\/www.diarioepoca.com\/content\/bucket\/5\/1343655h720.jpg.webp\" alt=\"WhatsApp Image 2024-01-24 at 1.53.47 PM (1).jpeg\"\/><figcaption>GENTILEZA T.L.F<\/figcaption><\/figure>\n\n\n\n<figure class=\"wp-block-image\"><img decoding=\"async\" src=\"https:\/\/www.diarioepoca.com\/content\/bucket\/6\/1343656h720.jpg.webp\" alt=\"WhatsApp Image 2024-01-24 at 1.53.47 PM.jpeg\"\/><figcaption>GENTILEZA T.L.F<\/figcaption><\/figure>\n\n\n\n<figure class=\"wp-block-image\"><img decoding=\"async\" src=\"https:\/\/www.diarioepoca.com\/content\/bucket\/7\/1343657h720.jpg.webp\" alt=\"WhatsApp Image 2024-01-24 at 1.53.45 PM.jpeg\"\/><figcaption>GENTILEZA T.L.F<\/figcaption><\/figure>\n\n\n\n<figure class=\"wp-block-image\"><img decoding=\"async\" src=\"https:\/\/www.diarioepoca.com\/content\/bucket\/8\/1343658h720.jpg.webp\" alt=\"WhatsApp Image 2024-01-24 at 1.53.44 PM.jpeg\"\/><figcaption>GENTILEZA T.L.F<\/figcaption><\/figure>\n\n\n\n<p>Next<\/p>\n\n\n\n<p>noticia en desarrollo.&nbsp;<\/p>\n","protected":false},"excerpt":{"rendered":"<p>La concentraci\u00f3n en la plaza Sargento Cabral de la Capital provincial reuni\u00f3 a cientos de personas adem\u00e1s de la participaci\u00f3n de la CGT, la CTA, organizaciones sociales, de derechos humanos&hellip; <\/p>\n","protected":false},"author":3,"featured_media":120499,"comment_status":"closed","ping_status":"open","sticky":false,"template":"","format":"standard","meta":{"footnotes":""},"categories":[1],"tags":[],"class_list":["post-120498","post","type-post","status-publish","format-standard","has-post-thumbnail","hentry","category-informacion-general"],"_links":{"self":[{"href":"https:\/\/corrientesdetarde.com\/index.php\/wp-json\/wp\/v2\/posts\/120498","targetHints":{"allow":["GET"]}}],"collection":[{"href":"https:\/\/corrientesdetarde.com\/index.php\/wp-json\/wp\/v2\/posts"}],"about":[{"href":"https:\/\/corrientesdetarde.com\/index.php\/wp-json\/wp\/v2\/types\/post"}],"author":[{"embeddable":true,"href":"https:\/\/corrientesdetarde.com\/index.php\/wp-json\/wp\/v2\/users\/3"}],"replies":[{"embeddable":true,"href":"https:\/\/corrientesdetarde.com\/index.php\/wp-json\/wp\/v2\/comments?post=120498"}],"version-history":[{"count":1,"href":"https:\/\/corrientesdetarde.com\/index.php\/wp-json\/wp\/v2\/posts\/120498\/revisions"}],"predecessor-version":[{"id":120500,"href":"https:\/\/corrientesdetarde.com\/index.php\/wp-json\/wp\/v2\/posts\/120498\/revisions\/120500"}],"wp:featuredmedia":[{"embeddable":true,"href":"https:\/\/corrientesdetarde.com\/index.php\/wp-json\/wp\/v2\/media\/120499"}],"wp:attachment":[{"href":"https:\/\/corrientesdetarde.com\/index.php\/wp-json\/wp\/v2\/media?parent=120498"}],"wp:term":[{"taxonomy":"category","embeddable":true,"href":"https:\/\/corrientesdetarde.com\/index.php\/wp-json\/wp\/v2\/categories?post=120498"},{"taxonomy":"post_tag","embeddable":true,"href":"https:\/\/corrientesdetarde.com\/index.php\/wp-json\/wp\/v2\/tags?post=120498"}],"curies":[{"name":"wp","href":"https:\/\/api.w.org\/{rel}","templated":true}]}}