{"id":120505,"date":"2024-01-24T16:07:54","date_gmt":"2024-01-24T19:07:54","guid":{"rendered":"https:\/\/corrientesdetarde.com\/?p=120505"},"modified":"2024-01-24T16:07:55","modified_gmt":"2024-01-24T19:07:55","slug":"encefalomielitis-equinas-se-establecio-la-vacunacion-obligatoria","status":"publish","type":"post","link":"https:\/\/corrientesdetarde.com\/index.php\/informacion-general\/encefalomielitis-equinas-se-establecio-la-vacunacion-obligatoria\/","title":{"rendered":"Encefalomielitis equinas: se estableci\u00f3 la vacunaci\u00f3n obligatoria"},"content":{"rendered":"\n<p>La medida del Senasa, publicada este mi\u00e9rcoles en Bolet\u00edn Oficial de la Naci\u00f3n, alcanza a todos los \u00e9quidos a partir de los dos meses de vida.<\/p>\n\n\n\n<p>El Servicio Nacional de Sanidad y Calidad Agroalimentaria (Senasa) estableci\u00f3 este mi\u00e9rcoles que la vacunaci\u00f3n obligatoria contra la encefalomielitis equinas del Este y del Oeste para todos los \u00e9quidos que tengan al menos dos meses de vida, en el marco de la emergencia sanitaria por la enfermedad establecido mediante la Resoluci\u00f3n.<\/p>\n\n\n\n<p>La medida, que se encuentra contemplada en la Resoluci\u00f3n Senasa 115\/2024 publicada&nbsp;en el Bolet\u00edn Oficial, determina que la totalidad de los \u00e9quidos deber\u00e1n tener vigente la vacuna y que aquellos que no hubieran recibido la primera dosis de la vacunaci\u00f3n, deber\u00e1n hacerlo dentro del plazo de diez d\u00edas luego de publicada la norma.<\/p>\n\n\n\n<p>Asimismo, la nueva normativa establece que cada equino deber\u00e1 contar con el certificado de vacunaci\u00f3n a fin de acreditar la vacuna, que deber\u00e1 ser emitido con firma y sello de un veterinario matriculado que act\u00fae de forma particular o a trav\u00e9s de un ente sanitario registrado en el Senasa.<\/p>\n\n\n\n<p>Adem\u00e1s, el certificado tendr\u00e1 que expresar los datos de inter\u00e9s que identifiquen al animal involucrado y la informaci\u00f3n de la vacuna aplicada.<\/p>\n\n\n\n<p>Con respecto a las condiciones de inoculaci\u00f3n, en los primovacunados se deber\u00e1 implementar un refuerzo en los plazos estipulados, seg\u00fan prescripci\u00f3n del laboratorio elaborador. Una vez completado el esquema de primovacunaci\u00f3n y refuerzo, la revacunaci\u00f3n se efect\u00faa de forma anual.<\/p>\n\n\n\n<p>Cabe destacar que esta nueva medida tiene como objetivo evitar los efectos negativos del virus, preservando el bienestar animal y minimizando las p\u00e9rdidas productivas para el sector implicado.<\/p>\n","protected":false},"excerpt":{"rendered":"<p>La medida del Senasa, publicada este mi\u00e9rcoles en Bolet\u00edn Oficial de la Naci\u00f3n, alcanza a todos los \u00e9quidos a partir de los dos meses de vida. El Servicio Nacional de&hellip; <\/p>\n","protected":false},"author":3,"featured_media":120516,"comment_status":"closed","ping_status":"open","sticky":false,"template":"","format":"standard","meta":{"footnotes":""},"categories":[1],"tags":[],"class_list":["post-120505","post","type-post","status-publish","format-standard","has-post-thumbnail","hentry","category-informacion-general"],"_links":{"self":[{"href":"https:\/\/corrientesdetarde.com\/index.php\/wp-json\/wp\/v2\/posts\/120505","targetHints":{"allow":["GET"]}}],"collection":[{"href":"https:\/\/corrientesdetarde.com\/index.php\/wp-json\/wp\/v2\/posts"}],"about":[{"href":"https:\/\/corrientesdetarde.com\/index.php\/wp-json\/wp\/v2\/types\/post"}],"author":[{"embeddable":true,"href":"https:\/\/corrientesdetarde.com\/index.php\/wp-json\/wp\/v2\/users\/3"}],"replies":[{"embeddable":true,"href":"https:\/\/corrientesdetarde.com\/index.php\/wp-json\/wp\/v2\/comments?post=120505"}],"version-history":[{"count":1,"href":"https:\/\/corrientesdetarde.com\/index.php\/wp-json\/wp\/v2\/posts\/120505\/revisions"}],"predecessor-version":[{"id":120541,"href":"https:\/\/corrientesdetarde.com\/index.php\/wp-json\/wp\/v2\/posts\/120505\/revisions\/120541"}],"wp:featuredmedia":[{"embeddable":true,"href":"https:\/\/corrientesdetarde.com\/index.php\/wp-json\/wp\/v2\/media\/120516"}],"wp:attachment":[{"href":"https:\/\/corrientesdetarde.com\/index.php\/wp-json\/wp\/v2\/media?parent=120505"}],"wp:term":[{"taxonomy":"category","embeddable":true,"href":"https:\/\/corrientesdetarde.com\/index.php\/wp-json\/wp\/v2\/categories?post=120505"},{"taxonomy":"post_tag","embeddable":true,"href":"https:\/\/corrientesdetarde.com\/index.php\/wp-json\/wp\/v2\/tags?post=120505"}],"curies":[{"name":"wp","href":"https:\/\/api.w.org\/{rel}","templated":true}]}}