{"id":120506,"date":"2024-01-24T15:23:28","date_gmt":"2024-01-24T18:23:28","guid":{"rendered":"https:\/\/corrientesdetarde.com\/?p=120506"},"modified":"2024-01-24T15:29:22","modified_gmt":"2024-01-24T18:29:22","slug":"cardozo-analizo-la-situacion-de-las-obras-sociales-con-la-uep","status":"publish","type":"post","link":"https:\/\/corrientesdetarde.com\/index.php\/informacion-general\/cardozo-analizo-la-situacion-de-las-obras-sociales-con-la-uep\/","title":{"rendered":"Cardozo analiz\u00f3 la situaci\u00f3n de las obras sociales con la UEP"},"content":{"rendered":"\n<p><em>Fue en el marco de una reuni\u00f3n que se llev\u00f3 a cabo este mi\u00e9rcoles en la Sala de Situaci\u00f3n de la cartera sanitaria. El tema central, fue la situaci\u00f3n del PAMI.<\/em><\/p>\n\n\n\n<p>El ministro de Salud P\u00fablica de la Provincia, Ricardo Cardozo, se reuni\u00f3 este mi\u00e9rcoles con los referentes de la Unidad Ejecutora Provincial (UEP) dependiente de la Direcci\u00f3n General de Administraci\u00f3n, con quienes analiz\u00f3 la situaci\u00f3n de algunas obras sociales, pero principalmente del Programa de Asistencia M\u00e9dica Integral (PAMI). Este trabajo permitir\u00e1 luego avanzar en algunas gestiones con las nuevas autoridades de tal obra social.<\/p>\n\n\n\n<p>Del encuentro, particip\u00f3 el director general de la UEP, Ariel V\u00e1zquez, e integrantes de su equipo de trabajo. Tras el encuentro, el ministro Cardozo&nbsp;explic\u00f3: &#8220;Nos reunimos para analizar la situaci\u00f3n de algunas obras sociales, fundamentalmente el PAMI, para ponernos de acuerdo con la UEP en ciertos aspectos de esta obra social y acudir a los organismos correspondientes de la Naci\u00f3n a hacer los planteos respectos al d\u00e9ficit que tiene esa obra social y que repercuten despu\u00e9s en nuestro presupuesto, porque el Ministerio tiene que salir a saldar ese d\u00e9ficit&#8221;.<\/p>\n\n\n\n<p>&#8220;La idea fue analizar estas deficiencias que tiene esta obra social e ir a plantear en Buenos Aires las posibilidades de soluci\u00f3n. En este sentido, la UEP ya tuvo contacto con las nuevas autoridades locales del PAMI&#8221;, agreg\u00f3.<\/p>\n\n\n\n<p><strong>Reuni\u00f3n con el ministro<\/strong><\/p>\n\n\n\n<p>Cardozo tambi\u00e9n se refiri\u00f3 a la primera reuni\u00f3n que mantuvo con el ministro de Salud de la Naci\u00f3n, Mario Russo, el viernes pasado. &#8220;Fue un encuentro sumamente amable, positivo, en donde le planteamos&nbsp;al Ministro la agenda que tenemos de manera permanente con la Naci\u00f3n y la duda era si esta agenda iba a seguir siendo cumplida por ellos y nos respondieron que s\u00ed&#8221;, dijo al respecto.<\/p>\n","protected":false},"excerpt":{"rendered":"<p>Fue en el marco de una reuni\u00f3n que se llev\u00f3 a cabo este mi\u00e9rcoles en la Sala de Situaci\u00f3n de la cartera sanitaria. El tema central, fue la situaci\u00f3n del&hellip; <\/p>\n","protected":false},"author":3,"featured_media":120518,"comment_status":"closed","ping_status":"open","sticky":false,"template":"","format":"standard","meta":{"footnotes":""},"categories":[1],"tags":[],"class_list":["post-120506","post","type-post","status-publish","format-standard","has-post-thumbnail","hentry","category-informacion-general"],"_links":{"self":[{"href":"https:\/\/corrientesdetarde.com\/index.php\/wp-json\/wp\/v2\/posts\/120506","targetHints":{"allow":["GET"]}}],"collection":[{"href":"https:\/\/corrientesdetarde.com\/index.php\/wp-json\/wp\/v2\/posts"}],"about":[{"href":"https:\/\/corrientesdetarde.com\/index.php\/wp-json\/wp\/v2\/types\/post"}],"author":[{"embeddable":true,"href":"https:\/\/corrientesdetarde.com\/index.php\/wp-json\/wp\/v2\/users\/3"}],"replies":[{"embeddable":true,"href":"https:\/\/corrientesdetarde.com\/index.php\/wp-json\/wp\/v2\/comments?post=120506"}],"version-history":[{"count":1,"href":"https:\/\/corrientesdetarde.com\/index.php\/wp-json\/wp\/v2\/posts\/120506\/revisions"}],"predecessor-version":[{"id":120508,"href":"https:\/\/corrientesdetarde.com\/index.php\/wp-json\/wp\/v2\/posts\/120506\/revisions\/120508"}],"wp:featuredmedia":[{"embeddable":true,"href":"https:\/\/corrientesdetarde.com\/index.php\/wp-json\/wp\/v2\/media\/120518"}],"wp:attachment":[{"href":"https:\/\/corrientesdetarde.com\/index.php\/wp-json\/wp\/v2\/media?parent=120506"}],"wp:term":[{"taxonomy":"category","embeddable":true,"href":"https:\/\/corrientesdetarde.com\/index.php\/wp-json\/wp\/v2\/categories?post=120506"},{"taxonomy":"post_tag","embeddable":true,"href":"https:\/\/corrientesdetarde.com\/index.php\/wp-json\/wp\/v2\/tags?post=120506"}],"curies":[{"name":"wp","href":"https:\/\/api.w.org\/{rel}","templated":true}]}}