{"id":120533,"date":"2024-01-24T17:07:04","date_gmt":"2024-01-24T20:07:04","guid":{"rendered":"https:\/\/corrientesdetarde.com\/?p=120533"},"modified":"2024-01-24T17:07:06","modified_gmt":"2024-01-24T20:07:06","slug":"una-localidad-correntina-vivira-su-9a-fiesta-provincial-del-chipa-cuerito","status":"publish","type":"post","link":"https:\/\/corrientesdetarde.com\/index.php\/informacion-general\/una-localidad-correntina-vivira-su-9a-fiesta-provincial-del-chipa-cuerito\/","title":{"rendered":"Una localidad correntina vivir\u00e1 su 9\u00aa Fiesta Provincial del Chip\u00e1 Cuerito"},"content":{"rendered":"\n<p>El evento se realizar\u00e1 este s\u00e1bado 27, a las 19, en Tabay. Ofrecer\u00e1, adem\u00e1s del tradicional Concurso gastron\u00f3mico, elecci\u00f3n de Reina y espect\u00e1culos musicales para todas las familias y visitantes.<\/p>\n\n\n\n<p>Este s\u00e1bado, 27 de enero, la localidad de Tabay albergar\u00e1 la 9\u00aa Fiesta Provincial del Chip\u00e1 Cuerito, evento que dar\u00e1 inicio a las 19 y que ofrecer\u00e1, adem\u00e1s del tradicional Concurso gastron\u00f3mico, elecci\u00f3n de Reina y espect\u00e1culos musicales para todas las familias y visitantes.<\/p>\n\n\n\n<p>La presentaci\u00f3n oficial tuvo lugar este mi\u00e9rcoles en el Sal\u00f3n Verde de Casa de Gobierno, encabezada por el ministro de Coordinaci\u00f3n y Planificaci\u00f3n, Miguel Olivieri, junto al intendente municipal, Roberto Pereyra y los concejales Lucrecia R\u00edos y Ram\u00f3n Meza, entre otras autoridades.<\/p>\n\n\n\n<p>Esta Fiesta pone en valor la importancia de la gastronom\u00eda t\u00edpica de la regi\u00f3n guaran\u00edtica, teniendo en cuenta que es uno de los servicios esenciales que moviliza a la actividad tur\u00edstica con la seducci\u00f3n particular, dada por la identidad de los sabores correntinos.<\/p>\n\n\n\n<p>El evento combina gastronom\u00eda, tradici\u00f3n y espect\u00e1culos, favoreciendo as\u00ed a Corrientes como destino tur\u00edstico. Adem\u00e1s de lo gastron\u00f3mico, artesanos y emprendedores locales exhibir\u00e1n sus productos, fruto del trabajo de la comunidad.<\/p>\n\n\n\n<figure class=\"wp-block-image\"><img decoding=\"async\" src=\"https:\/\/www.diarioepoca.com\/content\/bucket\/2\/1343662w762h488c.jpg.webp\" alt=\"\"\/><\/figure>\n\n\n\n<h3 class=\"wp-block-heading\">Ministro Oliveri<\/h3>\n\n\n\n<p>Al tomar la palabra, el ministro Miguel Olivieri, puso de manifiesto que la gesti\u00f3n del gobernador Gustavo Vald\u00e9s apoya decididamente el desarrollo de estas Fiestas que reflejan las &#8220;expresiones de cada localidad, en este caso de la mano de la gastronom\u00eda y nuestras costumbres&#8221;, a la vez que fomenta el &#8220;turismo y hace que cada vez m\u00e1s gente venga a visitar nuestra provincia&#8221;.<\/p>\n\n\n\n<p>Tras felicitar al municipio de Tabay por el compromiso y esfuerzo para llevar adelante la Fiesta, Olivieri hizo una invitaci\u00f3n general a asistir a la misma y ratific\u00f3 el compromiso de seguir trabajando codo a codo con cada una de las comunas hacia el crecimiento de Corrientes.<\/p>\n\n\n\n<h3 class=\"wp-block-heading\">Intendente Roberto Pereyra<\/h3>\n\n\n\n<p>&#8220;Invitamos a los turistas que se encuentran visitando distintos lugares de la provincia a nuestra Fiesta este s\u00e1bado, en el Polideportivo municipal&#8221;, convoc\u00f3 el jefe comunal de Tabay, Roberto Pereyra, informando que la entrada general tendr\u00e1 un costo m\u00f3dico de $500.<\/p>\n\n\n\n<p>Pereyra dio cuenta que el primer premio para la pareja ganadora ser\u00e1 de $100 mil, en tanto el segundo y tercer puesto ser\u00e1n de $50mil y $25mil, respectivamente y que la inscripci\u00f3n ser\u00e1 de $10mil por d\u00fao.<\/p>\n\n\n\n<p>Asimismo, el intendente comunic\u00f3 que el Municipio proveer\u00e1 a los concursantes de todos los ingredientes para la preparaci\u00f3n del tradicional chip\u00e1 cuerito, como grasa, aceite &nbsp;y sal; a la vez con cont\u00f3 que la presentaci\u00f3n de los participantes se llevar\u00e1 a trav\u00e9s de una mesa larga, &#8220;todos al mismo tiempo para largar el amasado&#8221;.<\/p>\n\n\n\n<h3 class=\"wp-block-heading\">Actividades<\/h3>\n\n\n\n<p>El evento dar\u00e1 inicio el s\u00e1bado a las 19, con la presentaci\u00f3n de los participantes y el inicio de la competencia. En el Concurso se exhibir\u00e1n las habilidades culinarias, con diferentes stands al que un selecto grupo de jurado, elegir\u00e1 finalmente a los que hayan preparado el m\u00e1s rico manjar tradicional y cuyo criterio de selecci\u00f3n tendr\u00e1 en cuenta las preparaciones en varios aspectos, como ser textura, gusto, preparaci\u00f3n, tama\u00f1o e higiene.<\/p>\n\n\n\n<p>Luego, habr\u00e1 n\u00fameros art\u00edsticos de la mano de Pedro Villalba y su Grupo, \u00c1ngel Piciochi, Facu Sandoval (recitador), Emiliano L\u00f3pez y tambi\u00e9n La Nueva. Adem\u00e1s, tendr\u00e1 lugar elecci\u00f3n de reina para lo cual se presentar\u00e1n postulantes locales y municipios aleda\u00f1os, tambi\u00e9n actuar\u00e1 la Escuela de Danza municipal y la musicalizaci\u00f3n estar\u00e1 a cargo de los Djs Juan P\u00e9rez y Maxi P\u00e9rez.<\/p>\n","protected":false},"excerpt":{"rendered":"<p>El evento se realizar\u00e1 este s\u00e1bado 27, a las 19, en Tabay. Ofrecer\u00e1, adem\u00e1s del tradicional Concurso gastron\u00f3mico, elecci\u00f3n de Reina y espect\u00e1culos musicales para todas las familias y visitantes.&hellip; <\/p>\n","protected":false},"author":3,"featured_media":120539,"comment_status":"closed","ping_status":"open","sticky":false,"template":"","format":"standard","meta":{"footnotes":""},"categories":[1],"tags":[],"class_list":["post-120533","post","type-post","status-publish","format-standard","has-post-thumbnail","hentry","category-informacion-general"],"_links":{"self":[{"href":"https:\/\/corrientesdetarde.com\/index.php\/wp-json\/wp\/v2\/posts\/120533","targetHints":{"allow":["GET"]}}],"collection":[{"href":"https:\/\/corrientesdetarde.com\/index.php\/wp-json\/wp\/v2\/posts"}],"about":[{"href":"https:\/\/corrientesdetarde.com\/index.php\/wp-json\/wp\/v2\/types\/post"}],"author":[{"embeddable":true,"href":"https:\/\/corrientesdetarde.com\/index.php\/wp-json\/wp\/v2\/users\/3"}],"replies":[{"embeddable":true,"href":"https:\/\/corrientesdetarde.com\/index.php\/wp-json\/wp\/v2\/comments?post=120533"}],"version-history":[{"count":1,"href":"https:\/\/corrientesdetarde.com\/index.php\/wp-json\/wp\/v2\/posts\/120533\/revisions"}],"predecessor-version":[{"id":120551,"href":"https:\/\/corrientesdetarde.com\/index.php\/wp-json\/wp\/v2\/posts\/120533\/revisions\/120551"}],"wp:featuredmedia":[{"embeddable":true,"href":"https:\/\/corrientesdetarde.com\/index.php\/wp-json\/wp\/v2\/media\/120539"}],"wp:attachment":[{"href":"https:\/\/corrientesdetarde.com\/index.php\/wp-json\/wp\/v2\/media?parent=120533"}],"wp:term":[{"taxonomy":"category","embeddable":true,"href":"https:\/\/corrientesdetarde.com\/index.php\/wp-json\/wp\/v2\/categories?post=120533"},{"taxonomy":"post_tag","embeddable":true,"href":"https:\/\/corrientesdetarde.com\/index.php\/wp-json\/wp\/v2\/tags?post=120533"}],"curies":[{"name":"wp","href":"https:\/\/api.w.org\/{rel}","templated":true}]}}