{"id":120586,"date":"2024-01-24T20:51:40","date_gmt":"2024-01-24T23:51:40","guid":{"rendered":"https:\/\/corrientesdetarde.com\/?p=120586"},"modified":"2024-01-24T20:51:51","modified_gmt":"2024-01-24T23:51:51","slug":"un-avion-ruso-se-estrello-cuando-transportaba-prisioneros-de-guerra-ucranianos","status":"publish","type":"post","link":"https:\/\/corrientesdetarde.com\/index.php\/internacionales\/un-avion-ruso-se-estrello-cuando-transportaba-prisioneros-de-guerra-ucranianos\/","title":{"rendered":"Un avi\u00f3n ruso se estrell\u00f3 cuando transportaba prisioneros de guerra ucranianos"},"content":{"rendered":"\n<p>La aeronave Ilyushin Il-76 contaba con 74 personas a bordo. Un general retirado afirm\u00f3 que fue derribado por tres misiles.<\/p>\n\n\n\n<p>Un avi\u00f3n de transporte militar de\u00a0Rusia\u00a0Ilyushin Il-76 se estrell\u00f3 el mi\u00e9rcoles cerca de la frontera con\u00a0Ucrania\u00a0y la agencia de noticias estatal RIA cit\u00f3 al Ministerio de Defensa diciendo que transportaba 65 prisioneros de guerra ucranianos para ser intercambiados por cautivos rusos.<\/p>\n\n\n\n<p>El avi\u00f3n transportaba a 74 personas, entre ellas seis tripulantes y tres guardias, cuando se estrell\u00f3, seg\u00fan RIA. No hubo informaci\u00f3n inmediata sobre la causa.<\/p>\n\n\n\n<p>Andrei Kartapolov, legislador del Parlamento ruso y general retirado, dijo durante una sesi\u00f3n parlamentaria que el avi\u00f3n hab\u00eda sido derribado por tres misiles. No dijo cu\u00e1l era la fuente de su informaci\u00f3n.<\/p>\n\n\n\n<p>Reuters no pudo verificar de inmediato los detalles sobre qui\u00e9n iba a bordo, pero Rusia y Ucrania intercambian regularmente prisioneros de guerra. El Ministerio de Defensa y la Fuerza A\u00e9rea de Ucrania no respondieron inmediatamente a las peticiones de comentarios.<\/p>\n\n\n\n<p>Un v\u00eddeo publicado en la aplicaci\u00f3n de mensajer\u00eda Telegram por Baza, un canal vinculado a los servicios de seguridad rusos, y verificado por Reuters mostraba un avi\u00f3n de gran tama\u00f1o cayendo hacia el suelo cerca del pueblo de Yablonovo, en la regi\u00f3n de B\u00e9lgorod, y explotando en una gran bola de fuego.<\/p>\n\n\n\n<p>El gobernador local, Viacheslav Gladkov, dijo que se hab\u00eda producido un &#8220;incidente&#8221; no especificado en el distrito Korochansky de la regi\u00f3n, al noreste de la ciudad de B\u00e9lgorod, y que iba a inspeccionar el lugar. Dijo que ya se encontraban en el lugar investigadores y personal de emergencias.<\/p>\n\n\n\n<p>El Il-76 es un avi\u00f3n de transporte militar dise\u00f1ado para transportar tropas, carga, equipos militares y armas. Tiene una tripulaci\u00f3n normal de cinco personas y puede transportar hasta 90 pasajeros.<\/p>\n\n\n\n<p>El Kremlin dijo, en respuesta a la pregunta de un periodista, que estaba estudiando la situaci\u00f3n.<\/p>\n\n\n\n<p>La regi\u00f3n de B\u00e9lgorod, fronteriza con Ucrania, ha sido objeto de frecuentes ataques por parte de Ucrania en los \u00faltimos meses, incluido un ataque con misiles en diciembre en el que murieron 25 personas.<\/p>\n","protected":false},"excerpt":{"rendered":"<p>La aeronave Ilyushin Il-76 contaba con 74 personas a bordo. Un general retirado afirm\u00f3 que fue derribado por tres misiles. Un avi\u00f3n de transporte militar de\u00a0Rusia\u00a0Ilyushin Il-76 se estrell\u00f3 el&hellip; <\/p>\n","protected":false},"author":4,"featured_media":120587,"comment_status":"closed","ping_status":"open","sticky":false,"template":"","format":"standard","meta":{"footnotes":""},"categories":[11],"tags":[],"class_list":["post-120586","post","type-post","status-publish","format-standard","has-post-thumbnail","hentry","category-internacionales"],"_links":{"self":[{"href":"https:\/\/corrientesdetarde.com\/index.php\/wp-json\/wp\/v2\/posts\/120586","targetHints":{"allow":["GET"]}}],"collection":[{"href":"https:\/\/corrientesdetarde.com\/index.php\/wp-json\/wp\/v2\/posts"}],"about":[{"href":"https:\/\/corrientesdetarde.com\/index.php\/wp-json\/wp\/v2\/types\/post"}],"author":[{"embeddable":true,"href":"https:\/\/corrientesdetarde.com\/index.php\/wp-json\/wp\/v2\/users\/4"}],"replies":[{"embeddable":true,"href":"https:\/\/corrientesdetarde.com\/index.php\/wp-json\/wp\/v2\/comments?post=120586"}],"version-history":[{"count":1,"href":"https:\/\/corrientesdetarde.com\/index.php\/wp-json\/wp\/v2\/posts\/120586\/revisions"}],"predecessor-version":[{"id":120588,"href":"https:\/\/corrientesdetarde.com\/index.php\/wp-json\/wp\/v2\/posts\/120586\/revisions\/120588"}],"wp:featuredmedia":[{"embeddable":true,"href":"https:\/\/corrientesdetarde.com\/index.php\/wp-json\/wp\/v2\/media\/120587"}],"wp:attachment":[{"href":"https:\/\/corrientesdetarde.com\/index.php\/wp-json\/wp\/v2\/media?parent=120586"}],"wp:term":[{"taxonomy":"category","embeddable":true,"href":"https:\/\/corrientesdetarde.com\/index.php\/wp-json\/wp\/v2\/categories?post=120586"},{"taxonomy":"post_tag","embeddable":true,"href":"https:\/\/corrientesdetarde.com\/index.php\/wp-json\/wp\/v2\/tags?post=120586"}],"curies":[{"name":"wp","href":"https:\/\/api.w.org\/{rel}","templated":true}]}}