{"id":120589,"date":"2024-01-24T20:53:33","date_gmt":"2024-01-24T23:53:33","guid":{"rendered":"https:\/\/corrientesdetarde.com\/?p=120589"},"modified":"2024-01-24T20:53:44","modified_gmt":"2024-01-24T23:53:44","slug":"el-milan-busca-quedarse-con-una-joya-del-futbol-argentino","status":"publish","type":"post","link":"https:\/\/corrientesdetarde.com\/index.php\/deportes\/el-milan-busca-quedarse-con-una-joya-del-futbol-argentino\/","title":{"rendered":"El Milan busca quedarse con una joya del f\u00fatbol argentino"},"content":{"rendered":"\n<p>La entidad de Italia se comunic\u00f3 en los \u00faltimos d\u00edas con Argentinos Juniors y pregunt\u00f3 condiciones por Federico Redondo.<\/p>\n\n\n\n<p>El Milan de Italia sigue de cerca los pasos de\u00a0<strong>Federico Redondo\u00a0para reforzar su mediocampo en este 2024 y se contacto con\u00a0Argentinos Juniors, que le puso precio a su figura y una las mayores promesas del f\u00fatbol local.<\/strong><\/p>\n\n\n\n<p>Stefani Pioli, entrenador del conjunto italiano, pos\u00f3 sus ojos en el hijo Fernando Redondo, quien supo brillar en el club \u201cRossonero\u201d, y dio el visto bueno para que los dirigentes inicien las gestiones por el joven futbolista.<\/p>\n\n\n\n<p>El mandatario del club de La Paternal, Cristian Malaspina, quien admiti\u00f3 hace un par de semanas que \u201cser\u00e1 muy dif\u00edcil\u201d retener al mediocampista, que actualmente se encuentra disputando en el Preol\u00edmpico de Venezuela con la Selecci\u00f3n Sub 23 de Javier Mascherano,&nbsp;<strong>lo dejar\u00e1 ir a cambio de 12 millones de euros<\/strong>.<\/p>\n\n\n\n<p>Si bien la cifra es alta, tampoco es descabellada para los grandes equipos de Europa, igualmente,&nbsp;<strong>Milan se tomar\u00e1 su tiempo para analizar la situaci\u00f3n y el posible fichaje del jugador, que podr\u00eda seguir los pasos de su padre, ya sea este verano o a mitad de a\u00f1o.<\/strong><\/p>\n\n\n\n<p><strong>Por otra parte, Malaspina&nbsp;<\/strong>habl\u00f3 del futuro de Redondo y neg\u00f3 un llamado de River:&nbsp;<strong>\u201cEs muy dif\u00edcil que vuelva a Argentina. Hay sondeos importantes desde afuera\u201d.<\/strong><\/p>\n\n\n\n<p><strong>Adem\u00e1s, en di\u00e1logo con&nbsp;<\/strong>DSports Radio, asegur\u00f3 que que el mediocampista podr\u00eda ser vendido en este mercado de pases y descart\u00f3 la chance de que pase a River, ya que pese a existir un inter\u00e9s del conjunto de N\u00fa\u00f1ez, el dirigente&nbsp;<strong>indic\u00f3 que<\/strong><strong>&nbsp;<\/strong><strong>&#8220;no llamaron por Redondo&#8221;.<\/strong><\/p>\n","protected":false},"excerpt":{"rendered":"<p>La entidad de Italia se comunic\u00f3 en los \u00faltimos d\u00edas con Argentinos Juniors y pregunt\u00f3 condiciones por Federico Redondo. El Milan de Italia sigue de cerca los pasos de\u00a0Federico Redondo\u00a0para&hellip; <\/p>\n","protected":false},"author":4,"featured_media":120590,"comment_status":"closed","ping_status":"open","sticky":false,"template":"","format":"standard","meta":{"footnotes":""},"categories":[4],"tags":[],"class_list":["post-120589","post","type-post","status-publish","format-standard","has-post-thumbnail","hentry","category-deportes"],"_links":{"self":[{"href":"https:\/\/corrientesdetarde.com\/index.php\/wp-json\/wp\/v2\/posts\/120589","targetHints":{"allow":["GET"]}}],"collection":[{"href":"https:\/\/corrientesdetarde.com\/index.php\/wp-json\/wp\/v2\/posts"}],"about":[{"href":"https:\/\/corrientesdetarde.com\/index.php\/wp-json\/wp\/v2\/types\/post"}],"author":[{"embeddable":true,"href":"https:\/\/corrientesdetarde.com\/index.php\/wp-json\/wp\/v2\/users\/4"}],"replies":[{"embeddable":true,"href":"https:\/\/corrientesdetarde.com\/index.php\/wp-json\/wp\/v2\/comments?post=120589"}],"version-history":[{"count":1,"href":"https:\/\/corrientesdetarde.com\/index.php\/wp-json\/wp\/v2\/posts\/120589\/revisions"}],"predecessor-version":[{"id":120591,"href":"https:\/\/corrientesdetarde.com\/index.php\/wp-json\/wp\/v2\/posts\/120589\/revisions\/120591"}],"wp:featuredmedia":[{"embeddable":true,"href":"https:\/\/corrientesdetarde.com\/index.php\/wp-json\/wp\/v2\/media\/120590"}],"wp:attachment":[{"href":"https:\/\/corrientesdetarde.com\/index.php\/wp-json\/wp\/v2\/media?parent=120589"}],"wp:term":[{"taxonomy":"category","embeddable":true,"href":"https:\/\/corrientesdetarde.com\/index.php\/wp-json\/wp\/v2\/categories?post=120589"},{"taxonomy":"post_tag","embeddable":true,"href":"https:\/\/corrientesdetarde.com\/index.php\/wp-json\/wp\/v2\/tags?post=120589"}],"curies":[{"name":"wp","href":"https:\/\/api.w.org\/{rel}","templated":true}]}}