{"id":120595,"date":"2024-01-24T21:14:05","date_gmt":"2024-01-25T00:14:05","guid":{"rendered":"https:\/\/corrientesdetarde.com\/?p=120595"},"modified":"2024-01-24T21:14:16","modified_gmt":"2024-01-25T00:14:16","slug":"la-formula-1-retornara-a-madrid-en-2026-y-tendra-su-gran-premio-luego-de-45-anos","status":"publish","type":"post","link":"https:\/\/corrientesdetarde.com\/index.php\/deportes\/la-formula-1-retornara-a-madrid-en-2026-y-tendra-su-gran-premio-luego-de-45-anos\/","title":{"rendered":"La F\u00f3rmula 1 retornar\u00e1 a Madrid en 2026 y tendr\u00e1 su Gran Premio luego de 45 a\u00f1os"},"content":{"rendered":"\n<p>Luego de cuatro d\u00e9cadas, el GP de Espa\u00f1a, que actualmente se disputa en Montmel\u00f3, Barcelona, volver\u00e1 a la capital.<\/p>\n\n\n\n<p>La&nbsp;<strong>F\u00f3rmula 1<\/strong><strong>&nbsp;anunci\u00f3&nbsp;<\/strong>que,<strong>&nbsp;<\/strong><strong>a partir de 2026 y hasta 2035, habr\u00e1 un nuevo Gran Premio que se llevar\u00e1 a cabo en Madrid, luego de 45 a\u00f1os,<\/strong><strong>&nbsp;<\/strong>y ser\u00e1 un circuito semi-urbano en el entorno de IFEMA.<\/p>\n\n\n\n<p>El&nbsp;<strong>Grand Prix de Espa\u00f1a<\/strong>, que durante la dos pr\u00f3ximas temporadas se disputar\u00e1 en&nbsp;<strong>Montmel\u00f3<\/strong>, en Barcelona, volver\u00e1 a la capital en una pista donde algunos sectores ser\u00e1n urbanos y otros no, aunque&nbsp;<strong>todav\u00eda falta la homologaci\u00f3n de la Federaci\u00f3n Internacional del Autom\u00f3vil (FIA)<\/strong>.<\/p>\n\n\n\n<p>El circuito tendr\u00e1 una longitud de\u00a0<strong>casi cinco kil\u00f3metros y medio (5.470 metros) y 20 curvas, con un tiempo estimado de un minuto y 32 segundos por vuelta.<\/strong><\/p>\n\n\n\n<figure class=\"wp-block-image size-full\"><img loading=\"lazy\" decoding=\"async\" width=\"779\" height=\"467\" src=\"https:\/\/corrientesdetarde.com\/wp-content\/uploads\/2024\/01\/image-208.png\" alt=\"\" class=\"wp-image-120596\" srcset=\"https:\/\/corrientesdetarde.com\/wp-content\/uploads\/2024\/01\/image-208.png 779w, https:\/\/corrientesdetarde.com\/wp-content\/uploads\/2024\/01\/image-208-300x180.png 300w, https:\/\/corrientesdetarde.com\/wp-content\/uploads\/2024\/01\/image-208-768x460.png 768w\" sizes=\"auto, (max-width: 779px) 100vw, 779px\" \/><\/figure>\n\n\n\n<p>El circuito lo dise\u00f1\u00f3&nbsp;<strong>DROMO<\/strong>, una empresa que preside el italiano&nbsp;<strong>Jarno Zafelli<\/strong>&nbsp;y que ya se encarg\u00f3 de&nbsp;<strong>la renovaci\u00f3n de Zandvoort, en Pa\u00edses Bajos<\/strong>. El mismo tendr\u00eda una capacidad para&nbsp;<strong>110 mil espectadores, aunque se planea ampliarlo a 140 mil y se convierta en uno de los eventos con mayor concurrencia en el calendario.<\/strong><\/p>\n\n\n\n<p>Este&nbsp;recinto ser\u00e1 ubicado a cinco minutos del Aeropuerto de Bajaras e informaron que<strong>&nbsp;<\/strong><strong>&#8220;un 90 por ciento&#8221;<\/strong><strong>&nbsp;<\/strong>de los aficionados podr\u00e1n&nbsp;<strong>acceder en transporte p\u00fablico<\/strong>.<\/p>\n\n\n\n<p>Madrid fue sede del<strong>\u00a0Gran Premio de Espa\u00f1a en nueve ocasiones<\/strong>, todas en el circuito del\u00a0<strong>Jarama<\/strong>. La primera fue en 1968, con triunfo de\u00a0<strong>Graham<\/strong>\u00a0<strong>Hill\u00a0<\/strong>y la \u00faltima en 1981, donde se impuso\u00a0<strong>Gilles Villeneuve<\/strong>.<\/p>\n\n\n\n<figure class=\"wp-block-image size-full\"><img loading=\"lazy\" decoding=\"async\" width=\"778\" height=\"471\" src=\"https:\/\/corrientesdetarde.com\/wp-content\/uploads\/2024\/01\/image-209.png\" alt=\"\" class=\"wp-image-120597\" srcset=\"https:\/\/corrientesdetarde.com\/wp-content\/uploads\/2024\/01\/image-209.png 778w, https:\/\/corrientesdetarde.com\/wp-content\/uploads\/2024\/01\/image-209-300x182.png 300w, https:\/\/corrientesdetarde.com\/wp-content\/uploads\/2024\/01\/image-209-768x465.png 768w\" sizes=\"auto, (max-width: 778px) 100vw, 778px\" \/><\/figure>\n\n\n\n<p><strong>&#8220;Es conocido el amor por la F1 en todo el mundo, y en especial en Espa\u00f1a. La F1 no es s\u00f3lo un espect\u00e1culo. Es una experiencia \u00fanica de tecnolog\u00eda, experiencia y el deseo de ganar. La respuesta de Espa\u00f1a y de Madrid es incre\u00edble&#8221;<\/strong>, declar\u00f3 Domenicali, presidente de la F1.<\/p>\n\n\n\n<p>&#8220;Hace varios a\u00f1os ya que en Monza compart\u00ed con una persona fundamental en este proyecto, que es&nbsp;<strong>Luis Garc\u00eda Abad<\/strong>, mi&nbsp;<strong>anhelo de traer un Gran Premio de F1 a Madrid. Un proyecto que arranc\u00f3 en 2020 y que se vio frenado por la pandemia&#8221;,<\/strong><strong>&nbsp;<\/strong>prosigui\u00f3 De los Mozos,&nbsp;presidente de la Instituci\u00f3n Ferial.<\/p>\n\n\n\n<p><strong>&#8220;Sab\u00edamos que ten\u00edamos que construir un proyecto innovador, algo \u00fanico para los aficionados y la F1<\/strong>. S\u00f3lo con esa ambici\u00f3n de convertir a&nbsp;<strong>Madrid en un referente internacional podr\u00edamos entrar en esta complicada carrera<\/strong>. Este Gran Premio ser\u00e1&nbsp;<strong>fundamental para Madrid y para fomentar la &#8216;Marca Espa\u00f1a&#8217;. Nuestro Gran Premio ser\u00e1 el m\u00e1s sostenible del calendario y se llevar\u00e1 a cabo sin financiaci\u00f3n p\u00fablica. Y el elemento diferencial ser\u00e1 la ubicaci\u00f3n de este circuito, en las instalaciones de IFEMA&#8221;,<\/strong>&nbsp;concluy\u00f3.<\/p>\n","protected":false},"excerpt":{"rendered":"<p>Luego de cuatro d\u00e9cadas, el GP de Espa\u00f1a, que actualmente se disputa en Montmel\u00f3, Barcelona, volver\u00e1 a la capital. La&nbsp;F\u00f3rmula 1&nbsp;anunci\u00f3&nbsp;que,&nbsp;a partir de 2026 y hasta 2035, habr\u00e1 un nuevo&hellip; <\/p>\n","protected":false},"author":4,"featured_media":120598,"comment_status":"closed","ping_status":"open","sticky":false,"template":"","format":"standard","meta":{"footnotes":""},"categories":[4],"tags":[],"class_list":["post-120595","post","type-post","status-publish","format-standard","has-post-thumbnail","hentry","category-deportes"],"_links":{"self":[{"href":"https:\/\/corrientesdetarde.com\/index.php\/wp-json\/wp\/v2\/posts\/120595","targetHints":{"allow":["GET"]}}],"collection":[{"href":"https:\/\/corrientesdetarde.com\/index.php\/wp-json\/wp\/v2\/posts"}],"about":[{"href":"https:\/\/corrientesdetarde.com\/index.php\/wp-json\/wp\/v2\/types\/post"}],"author":[{"embeddable":true,"href":"https:\/\/corrientesdetarde.com\/index.php\/wp-json\/wp\/v2\/users\/4"}],"replies":[{"embeddable":true,"href":"https:\/\/corrientesdetarde.com\/index.php\/wp-json\/wp\/v2\/comments?post=120595"}],"version-history":[{"count":1,"href":"https:\/\/corrientesdetarde.com\/index.php\/wp-json\/wp\/v2\/posts\/120595\/revisions"}],"predecessor-version":[{"id":120599,"href":"https:\/\/corrientesdetarde.com\/index.php\/wp-json\/wp\/v2\/posts\/120595\/revisions\/120599"}],"wp:featuredmedia":[{"embeddable":true,"href":"https:\/\/corrientesdetarde.com\/index.php\/wp-json\/wp\/v2\/media\/120598"}],"wp:attachment":[{"href":"https:\/\/corrientesdetarde.com\/index.php\/wp-json\/wp\/v2\/media?parent=120595"}],"wp:term":[{"taxonomy":"category","embeddable":true,"href":"https:\/\/corrientesdetarde.com\/index.php\/wp-json\/wp\/v2\/categories?post=120595"},{"taxonomy":"post_tag","embeddable":true,"href":"https:\/\/corrientesdetarde.com\/index.php\/wp-json\/wp\/v2\/tags?post=120595"}],"curies":[{"name":"wp","href":"https:\/\/api.w.org\/{rel}","templated":true}]}}