{"id":120600,"date":"2024-01-24T21:22:19","date_gmt":"2024-01-25T00:22:19","guid":{"rendered":"https:\/\/corrientesdetarde.com\/?p=120600"},"modified":"2024-01-24T21:22:31","modified_gmt":"2024-01-25T00:22:31","slug":"se-hizo-la-revisacion-medica-san-lorenzo-lo-esperaba-para-firmar-contrato-y-se-fue-a-brasil","status":"publish","type":"post","link":"https:\/\/corrientesdetarde.com\/index.php\/deportes\/se-hizo-la-revisacion-medica-san-lorenzo-lo-esperaba-para-firmar-contrato-y-se-fue-a-brasil\/","title":{"rendered":"Se hizo la revisaci\u00f3n m\u00e9dica, San Lorenzo lo esperaba para firmar contrato y se fue a Brasil"},"content":{"rendered":"\n<p>Christian &#8220;Tit\u00ed&#8221; Ort\u00edz dej\u00f3 plantado al Cicl\u00f3n a \u00faltimo momento y jugar\u00e1 en el Sport Recife de Brasil.<\/p>\n\n\n\n<p><strong>Christian \u201cTit\u00ed&#8221; Ort\u00edz se hab\u00eda realizado la primera parte de la revisi\u00f3n m\u00e9dica en San Lorenzo y la entidad de Boedo lo esperaba para firmar su contrato, pero a \u00faltimo momento cambi\u00f3 de idea y los dej\u00f3 plantados ya que acept\u00f3 una oferta de Sport Recife de Brasil.<\/strong><\/p>\n\n\n\n<p>Si bien desde el entorno del futbolista que viene de desvincularse de Tijuana de M\u00e9xico sostienen que avisaron del cambio rotundo, lo cierto es que&nbsp;<strong>en el<\/strong><strong>&nbsp;<\/strong><em><strong>Cicl\u00f3n<\/strong><strong>&nbsp;<\/strong><\/em><strong>manifestaron que lo estaban esperando para terminar de sellar el v\u00ednculo y conocieron la noticia en las \u00faltimas horas ya que no se hizo presente.<\/strong><\/p>\n\n\n\n<p>Lo cierto es que el delantero ven\u00eda manteniendo conversaciones&nbsp;<strong>Mariano Soso, entrenador de Sport Recife,&nbsp;<\/strong>quien dirigi\u00f3 a San Lorenzo en 2020, pero no hab\u00eda recibido una oferta formal hasta ayer.<strong>&nbsp;<\/strong><\/p>\n\n\n\n<p><strong>Como el ofrecimiento, en lo econ\u00f3mico, era superador al club de Boedo,<\/strong><strong>&nbsp;el ex Independiente&nbsp;<\/strong><strong>opt\u00f3 por continuar su carrera en Brasil, donde firmar\u00e1 hasta diciembre de este a\u00f1o con chances de extenderlo uno m\u00e1s.<\/strong><\/p>\n\n\n\n<p><strong>Ort\u00edz, que se sumar\u00e1 a Sport Recife en condici\u00f3n de libre<\/strong>, viene de un paso por el f\u00fatbol ecuatoriano en&nbsp;<strong>Barcelona SC,&nbsp;<\/strong>donde lleg\u00f3 a pr\u00e9stamo por un a\u00f1o desde Tijuana y en diciembre del 2023, tras vencerse su plazo, regres\u00f3 al equipo mexicano pero no se qued\u00f3 all\u00ed.<\/p>\n\n\n\n<p><strong>En la Argentina tuvo un breve paso por Hurac\u00e1n en 2010<\/strong>, club en el que surgi\u00f3. Adem\u00e1s, visti\u00f3 la camiseta de&nbsp;<strong>Independiente de Avellaneda y Defensa y Justicia.<\/strong>&nbsp;Otros de sus equipos fueron&nbsp;<strong>Racing Club de Montevideo, Universidad de San Mart\u00edn y Sporting Cristal en Per\u00fa, Independiente del Valle y Charlotte de la MLS.<\/strong><\/p>\n","protected":false},"excerpt":{"rendered":"<p>Christian &#8220;Tit\u00ed&#8221; Ort\u00edz dej\u00f3 plantado al Cicl\u00f3n a \u00faltimo momento y jugar\u00e1 en el Sport Recife de Brasil. Christian \u201cTit\u00ed&#8221; Ort\u00edz se hab\u00eda realizado la primera parte de la revisi\u00f3n&hellip; <\/p>\n","protected":false},"author":4,"featured_media":120601,"comment_status":"closed","ping_status":"open","sticky":false,"template":"","format":"standard","meta":{"footnotes":""},"categories":[4],"tags":[],"class_list":["post-120600","post","type-post","status-publish","format-standard","has-post-thumbnail","hentry","category-deportes"],"_links":{"self":[{"href":"https:\/\/corrientesdetarde.com\/index.php\/wp-json\/wp\/v2\/posts\/120600","targetHints":{"allow":["GET"]}}],"collection":[{"href":"https:\/\/corrientesdetarde.com\/index.php\/wp-json\/wp\/v2\/posts"}],"about":[{"href":"https:\/\/corrientesdetarde.com\/index.php\/wp-json\/wp\/v2\/types\/post"}],"author":[{"embeddable":true,"href":"https:\/\/corrientesdetarde.com\/index.php\/wp-json\/wp\/v2\/users\/4"}],"replies":[{"embeddable":true,"href":"https:\/\/corrientesdetarde.com\/index.php\/wp-json\/wp\/v2\/comments?post=120600"}],"version-history":[{"count":1,"href":"https:\/\/corrientesdetarde.com\/index.php\/wp-json\/wp\/v2\/posts\/120600\/revisions"}],"predecessor-version":[{"id":120602,"href":"https:\/\/corrientesdetarde.com\/index.php\/wp-json\/wp\/v2\/posts\/120600\/revisions\/120602"}],"wp:featuredmedia":[{"embeddable":true,"href":"https:\/\/corrientesdetarde.com\/index.php\/wp-json\/wp\/v2\/media\/120601"}],"wp:attachment":[{"href":"https:\/\/corrientesdetarde.com\/index.php\/wp-json\/wp\/v2\/media?parent=120600"}],"wp:term":[{"taxonomy":"category","embeddable":true,"href":"https:\/\/corrientesdetarde.com\/index.php\/wp-json\/wp\/v2\/categories?post=120600"},{"taxonomy":"post_tag","embeddable":true,"href":"https:\/\/corrientesdetarde.com\/index.php\/wp-json\/wp\/v2\/tags?post=120600"}],"curies":[{"name":"wp","href":"https:\/\/api.w.org\/{rel}","templated":true}]}}