{"id":120603,"date":"2024-01-24T21:31:34","date_gmt":"2024-01-25T00:31:34","guid":{"rendered":"https:\/\/corrientesdetarde.com\/?p=120603"},"modified":"2024-01-24T21:31:46","modified_gmt":"2024-01-25T00:31:46","slug":"paritarias-estatales-caputo-anuncio-un-16-de-aumento-en-los-sueldos-del-sector-publico","status":"publish","type":"post","link":"https:\/\/corrientesdetarde.com\/index.php\/economia\/paritarias-estatales-caputo-anuncio-un-16-de-aumento-en-los-sueldos-del-sector-publico\/","title":{"rendered":"Paritarias estatales: Caputo anunci\u00f3 un 16% de aumento en los sueldos del sector p\u00fablico"},"content":{"rendered":"\n<p>En medio de la jornada de movilizaci\u00f3n convocada por la CGT, el ministro de Econom\u00eda dio a conocer el acuerdo con ATE.<\/p>\n\n\n\n<p>En medio del paro general de este mi\u00e9rcoles, el ministro de Econom\u00eda,\u00a0<strong>Luis Caputo,<\/strong>\u00a0anunci\u00f3 un\u00a0<strong>aumento de 16% para los empleados estatales<\/strong>\u00a0que se aplicar\u00e1 sobre los haberes de enero, seg\u00fan inform\u00f3 desde su cuenta de la red social X.<\/p>\n\n\n\n<figure class=\"wp-block-image size-full\"><img loading=\"lazy\" decoding=\"async\" width=\"770\" height=\"453\" src=\"https:\/\/corrientesdetarde.com\/wp-content\/uploads\/2024\/01\/image-210.png\" alt=\"\" class=\"wp-image-120604\" srcset=\"https:\/\/corrientesdetarde.com\/wp-content\/uploads\/2024\/01\/image-210.png 770w, https:\/\/corrientesdetarde.com\/wp-content\/uploads\/2024\/01\/image-210-300x176.png 300w, https:\/\/corrientesdetarde.com\/wp-content\/uploads\/2024\/01\/image-210-768x452.png 768w\" sizes=\"auto, (max-width: 770px) 100vw, 770px\" \/><\/figure>\n\n\n\n<p>El acuerdo paritario para la planta del estado nacional contrasta con el 25,5% de inflaci\u00f3n registrada en diciembre tras la devaluaci\u00f3n, y el \u00edndice proyectado de 20% para este mes.<\/p>\n\n\n\n<p>El funcionario aclar\u00f3 que \u201cel aumento&nbsp;<strong>no aplicar\u00e1 a los ministros, secretarios y subsecretarios,<\/strong>&nbsp;quienes no recibir\u00e1n aumento alguno, lo que redundar\u00e1 en una ca\u00edda de 20% de su salario real\u201d y se\u00f1al\u00f3 que&nbsp;<strong>\u201ctampoco lo cobrar\u00e1n el Presidente y la Vicepresidenta\u201d.<\/strong><\/p>\n\n\n\n<p>Pese al ajuste salarial recibido, la\u00a0<strong>Asociaci\u00f3n Trabajadores del Estado<\/strong>\u00a0(ATE) adhiri\u00f3 al paro de este mi\u00e9rcoles, convocado por la\u00a0<strong>Central General de Trabajadores<\/strong>\u00a0(CGT).<\/p>\n\n\n\n<figure class=\"wp-block-image size-full\"><img loading=\"lazy\" decoding=\"async\" width=\"777\" height=\"481\" src=\"https:\/\/corrientesdetarde.com\/wp-content\/uploads\/2024\/01\/image-211.png\" alt=\"\" class=\"wp-image-120605\" srcset=\"https:\/\/corrientesdetarde.com\/wp-content\/uploads\/2024\/01\/image-211.png 777w, https:\/\/corrientesdetarde.com\/wp-content\/uploads\/2024\/01\/image-211-300x186.png 300w, https:\/\/corrientesdetarde.com\/wp-content\/uploads\/2024\/01\/image-211-768x475.png 768w\" sizes=\"auto, (max-width: 777px) 100vw, 777px\" \/><\/figure>\n\n\n\n<p>&#8220;Desde ATE acordamos un aumento del 16% en la Administraci\u00f3n P\u00fablica Nacional para los haberes del mes de enero. Aunque el entendimiento nos permite recuperar la p\u00e9rdida salarial de diciembre y quedar por encima del acumulado anual de inflaci\u00f3n, no alcanza para modificar nuestra decisi\u00f3n de ir al paro&#8221;, indic\u00f3 la semana pasada el secretario general de ATE, Rodolfo Aguiar, a trav\u00e9s de su cuenta de X.<\/p>\n\n\n\n<p>En la misma l\u00ednea, el representante gremial advirti\u00f3 que&nbsp;<strong>&#8220;si contin\u00faan atacando y agrediendo a los estatales de esta manera, los niveles de conflictividad van a ir en ascenso&#8221;.<\/strong><\/p>\n","protected":false},"excerpt":{"rendered":"<p>En medio de la jornada de movilizaci\u00f3n convocada por la CGT, el ministro de Econom\u00eda dio a conocer el acuerdo con ATE. En medio del paro general de este mi\u00e9rcoles,&hellip; <\/p>\n","protected":false},"author":4,"featured_media":120606,"comment_status":"closed","ping_status":"open","sticky":false,"template":"","format":"standard","meta":{"footnotes":""},"categories":[20],"tags":[],"class_list":["post-120603","post","type-post","status-publish","format-standard","has-post-thumbnail","hentry","category-economia"],"_links":{"self":[{"href":"https:\/\/corrientesdetarde.com\/index.php\/wp-json\/wp\/v2\/posts\/120603","targetHints":{"allow":["GET"]}}],"collection":[{"href":"https:\/\/corrientesdetarde.com\/index.php\/wp-json\/wp\/v2\/posts"}],"about":[{"href":"https:\/\/corrientesdetarde.com\/index.php\/wp-json\/wp\/v2\/types\/post"}],"author":[{"embeddable":true,"href":"https:\/\/corrientesdetarde.com\/index.php\/wp-json\/wp\/v2\/users\/4"}],"replies":[{"embeddable":true,"href":"https:\/\/corrientesdetarde.com\/index.php\/wp-json\/wp\/v2\/comments?post=120603"}],"version-history":[{"count":1,"href":"https:\/\/corrientesdetarde.com\/index.php\/wp-json\/wp\/v2\/posts\/120603\/revisions"}],"predecessor-version":[{"id":120607,"href":"https:\/\/corrientesdetarde.com\/index.php\/wp-json\/wp\/v2\/posts\/120603\/revisions\/120607"}],"wp:featuredmedia":[{"embeddable":true,"href":"https:\/\/corrientesdetarde.com\/index.php\/wp-json\/wp\/v2\/media\/120606"}],"wp:attachment":[{"href":"https:\/\/corrientesdetarde.com\/index.php\/wp-json\/wp\/v2\/media?parent=120603"}],"wp:term":[{"taxonomy":"category","embeddable":true,"href":"https:\/\/corrientesdetarde.com\/index.php\/wp-json\/wp\/v2\/categories?post=120603"},{"taxonomy":"post_tag","embeddable":true,"href":"https:\/\/corrientesdetarde.com\/index.php\/wp-json\/wp\/v2\/tags?post=120603"}],"curies":[{"name":"wp","href":"https:\/\/api.w.org\/{rel}","templated":true}]}}