{"id":120608,"date":"2024-01-24T21:45:45","date_gmt":"2024-01-25T00:45:45","guid":{"rendered":"https:\/\/corrientesdetarde.com\/?p=120608"},"modified":"2024-01-24T21:45:49","modified_gmt":"2024-01-25T00:45:49","slug":"lali-esposito-dura-contra-javier-milei-tienen-que-hacerse-cargo-de-gobernar-para-todos","status":"publish","type":"post","link":"https:\/\/corrientesdetarde.com\/index.php\/espectaculos\/lali-esposito-dura-contra-javier-milei-tienen-que-hacerse-cargo-de-gobernar-para-todos\/","title":{"rendered":"Lali Esp\u00f3sito, dura contra Javier Milei: &#8220;Tienen que hacerse cargo de gobernar para todos&#8221;"},"content":{"rendered":"\n<p>La cantante sali\u00f3 al cruce nuevamente. &#8220;No me parece bien estigmatizar la cultura&#8221;, lanz\u00f3.<\/p>\n\n\n\n<figure class=\"wp-block-embed is-type-rich is-provider-twitter wp-block-embed-twitter\"><div class=\"wp-block-embed__wrapper\">\n<blockquote class=\"twitter-tweet\" data-width=\"550\" data-dnt=\"true\"><p lang=\"in\" dir=\"ltr\">Lali en <a href=\"https:\/\/twitter.com\/hashtag\/LAM?src=hash&amp;ref_src=twsrc%5Etfw\">#LAM<\/a> <a href=\"https:\/\/t.co\/MreoWsWZJt\">pic.twitter.com\/MreoWsWZJt<\/a><\/p>&mdash; ElEjercitoDeLAM (@elejercitodelam) <a href=\"https:\/\/twitter.com\/elejercitodelam\/status\/1749944168938443041?ref_src=twsrc%5Etfw\">January 23, 2024<\/a><\/blockquote><script async src=\"https:\/\/platform.twitter.com\/widgets.js\" charset=\"utf-8\"><\/script>\n<\/div><\/figure>\n\n\n\n<p>La cantante<strong>\u00a0Lali Esp\u00f3sito volvi\u00f3 a cargar contra el gobierno de Javier Milei<\/strong>, d\u00edas despu\u00e9s de quedar en medio de una discusi\u00f3n entre el Presidente y el gobernador de La Rioja, Ricardo Quintela. En ese marco, pidi\u00f3 \u201crespeto\u201d y apunt\u00f3: \u201c<strong>Tienen que hacerse cargo de gobernar para todos&#8221;.<\/strong><\/p>\n\n\n\n<p>\u201c<strong>No me parece bien estigmatizar la cultura<\/strong>&nbsp;(&#8230;) En los shows que hago trabajan miles de personas. Todos los artistas que yo conozco han hecho shows para municipios. A veces se siente incre\u00edble tener que explicar esto\u201d, declar\u00f3 la artista.&nbsp;<\/p>\n\n\n\n<p>\u201cNos han cagado un poco la cabeza a todos ya. Nos llevaron al punto de que si doy una opini\u00f3n a favor de la cultura sos una cosa o la otra y no simplemente un ciudadano que da su opini\u00f3n respetuosa\u201d, sum\u00f3.<\/p>\n\n\n\n<p>Y continu\u00f3: \u201cYo puedo no estar de acuerdo con vos. Tengo amigos y he tenido parejas que opinan absolutamente contrario a m\u00ed, y, siempre que no entremos en el nivel de la falta de respeto, jam\u00e1s eso es un problema\u201d.<\/p>\n\n\n\n<p>\u201cAl contrario, uno se podr\u00eda nutrir del pensamiento del otro, podr\u00eda aprender.&nbsp;<strong>Uno puede tener un ida y vuelta respetuoso y me parece que esa es la base de todo<\/strong>. No es pensar diferente. El problema es qu\u00e9 hacemos cuando pensamos diferente:&nbsp;<strong>\u00bfVamos a bardear al otro? \u00bfVamos a mentir sobre el otro? \u00bfNecesitamos demonizar a ese otro para que nadie escuche su opini\u00f3n?<\/strong>\u201d, se pregunt\u00f3.<\/p>\n\n\n\n<p>\u201c<strong>Eso se parece m\u00e1s a las \u00e9pocas oscuras y a los dramas humanos, que a una sociedad que quiere crecer.&nbsp;<\/strong>Al final, creo estamos todos haciendo lo que podemos con lo que va sucediendo en nuestro hermoso pa\u00eds. El otro no es nuestro enemigo. El otro tambi\u00e9n se busca la vida, hace lo que puede.&nbsp;<strong>Nos han enfrentado y no es por ah\u00ed<\/strong>\u201d, consider\u00f3 en di\u00e1logo con&nbsp;<em>LAM<\/em>.<\/p>\n\n\n\n<p>\u201cCreo que los que asumen las responsabilidades institucionales tienen que hacerse cargo de gobernar para todos y por eso fueron tan votados. Al final ten\u00e9s que representar a todos, hasta a los que no estamos tan de acuerdo con la l\u00ednea pol\u00edtica. Yo respeto al Presidente y me gustar\u00eda que esa l\u00ednea de respeto baje hacia todos, que no sea un divide y reinar\u00e1s que hace tanto da\u00f1o\u201d, apunt\u00f3 Lali.<\/p>\n\n\n\n<h3 class=\"wp-block-heading\">La declaraci\u00f3n de Milei que reactiv\u00f3 la pol\u00e9mica contra Lali Esp\u00f3sito<\/h3>\n\n\n\n<p>Si bien desde hace meses Milei muestra sus diferencias ideol\u00f3gicas con Lali Esp\u00f3sito y esta, sin pelos en la lengua, respondi\u00f3 en m\u00e1s de una oportunidad, d\u00edas atr\u00e1s el Presidente volvi\u00f3 a encender la mecha de la pol\u00e9mica.&nbsp;<\/p>\n\n\n\n<p>Fue cuando Quintela anunci\u00f3 que enviaba un proyecto de ley para emitir una moneda propia y el mandatario nacional opin\u00f3 al respecto.&nbsp;<\/p>\n\n\n\n<p>\u201cLa verdad es que el gobernador recibe lo que tiene que recibir. Nosotros no nos quedamos con el dinero de nadie. Por lo tanto,&nbsp;<strong>si tiene un problema en c\u00f3mo asigna los recursos, es decir, si gasta plata contratando a Lali Esp\u00f3sito y despu\u00e9s no le paga a los polic\u00edas, no es un problema nuestro<\/strong>\u201d, dijo.<\/p>\n","protected":false},"excerpt":{"rendered":"<p>La cantante sali\u00f3 al cruce nuevamente. &#8220;No me parece bien estigmatizar la cultura&#8221;, lanz\u00f3. La cantante\u00a0Lali Esp\u00f3sito volvi\u00f3 a cargar contra el gobierno de Javier Milei, d\u00edas despu\u00e9s de quedar&hellip; <\/p>\n","protected":false},"author":4,"featured_media":120609,"comment_status":"closed","ping_status":"open","sticky":false,"template":"","format":"standard","meta":{"footnotes":""},"categories":[19],"tags":[],"class_list":["post-120608","post","type-post","status-publish","format-standard","has-post-thumbnail","hentry","category-espectaculos"],"_links":{"self":[{"href":"https:\/\/corrientesdetarde.com\/index.php\/wp-json\/wp\/v2\/posts\/120608","targetHints":{"allow":["GET"]}}],"collection":[{"href":"https:\/\/corrientesdetarde.com\/index.php\/wp-json\/wp\/v2\/posts"}],"about":[{"href":"https:\/\/corrientesdetarde.com\/index.php\/wp-json\/wp\/v2\/types\/post"}],"author":[{"embeddable":true,"href":"https:\/\/corrientesdetarde.com\/index.php\/wp-json\/wp\/v2\/users\/4"}],"replies":[{"embeddable":true,"href":"https:\/\/corrientesdetarde.com\/index.php\/wp-json\/wp\/v2\/comments?post=120608"}],"version-history":[{"count":1,"href":"https:\/\/corrientesdetarde.com\/index.php\/wp-json\/wp\/v2\/posts\/120608\/revisions"}],"predecessor-version":[{"id":120610,"href":"https:\/\/corrientesdetarde.com\/index.php\/wp-json\/wp\/v2\/posts\/120608\/revisions\/120610"}],"wp:featuredmedia":[{"embeddable":true,"href":"https:\/\/corrientesdetarde.com\/index.php\/wp-json\/wp\/v2\/media\/120609"}],"wp:attachment":[{"href":"https:\/\/corrientesdetarde.com\/index.php\/wp-json\/wp\/v2\/media?parent=120608"}],"wp:term":[{"taxonomy":"category","embeddable":true,"href":"https:\/\/corrientesdetarde.com\/index.php\/wp-json\/wp\/v2\/categories?post=120608"},{"taxonomy":"post_tag","embeddable":true,"href":"https:\/\/corrientesdetarde.com\/index.php\/wp-json\/wp\/v2\/tags?post=120608"}],"curies":[{"name":"wp","href":"https:\/\/api.w.org\/{rel}","templated":true}]}}