{"id":120611,"date":"2024-01-24T22:00:34","date_gmt":"2024-01-25T01:00:34","guid":{"rendered":"https:\/\/corrientesdetarde.com\/?p=120611"},"modified":"2024-01-24T22:00:46","modified_gmt":"2024-01-25T01:00:46","slug":"magui-bravi-fue-mama-el-curioso-nombre-que-eligio-para-su-bebe","status":"publish","type":"post","link":"https:\/\/corrientesdetarde.com\/index.php\/espectaculos\/magui-bravi-fue-mama-el-curioso-nombre-que-eligio-para-su-bebe\/","title":{"rendered":"Magui Bravi fue mam\u00e1: el curioso nombre que eligi\u00f3 para su beb\u00e9"},"content":{"rendered":"\n<p>La bailarina y su marido esperaban la llegada de su primer hijo para febrero, pero el parto se adelant\u00f3.<\/p>\n\n\n\n<p><strong>Magui Bravi\u00a0<\/strong>se hizo conocida cuando se anot\u00f3 en el reality\u00a0<em><strong>So\u00f1ando por Bailar<\/strong><\/em>\u00a0y se destac\u00f3 por su talento. Dej\u00f3 atr\u00e1s su trabajo como azafata para comenzar una carrera en los medios, pero la fama le vali\u00f3 la separaci\u00f3n de su novio con quien llevaba\u00a0<strong>siete a\u00f1os de relaci\u00f3n<\/strong>.<\/p>\n\n\n\n<figure class=\"wp-block-image size-full\"><img loading=\"lazy\" decoding=\"async\" width=\"780\" height=\"446\" src=\"https:\/\/corrientesdetarde.com\/wp-content\/uploads\/2024\/01\/image-212.png\" alt=\"\" class=\"wp-image-120612\" srcset=\"https:\/\/corrientesdetarde.com\/wp-content\/uploads\/2024\/01\/image-212.png 780w, https:\/\/corrientesdetarde.com\/wp-content\/uploads\/2024\/01\/image-212-300x172.png 300w, https:\/\/corrientesdetarde.com\/wp-content\/uploads\/2024\/01\/image-212-768x439.png 768w\" sizes=\"auto, (max-width: 780px) 100vw, 780px\" \/><\/figure>\n\n\n\n<p><strong>Octavio Cattaneo<\/strong>\u00a0viaj\u00f3 a Espa\u00f1a a estudiar, pero al regresar al pa\u00eds se reconcili\u00f3 con Magui y el a\u00f1o pasado decidieron casarse.<strong>\u00a0\u201cNos separamos un rato y despu\u00e9s volvimos, pero hoy en d\u00eda los cuento como todos juntos\u201d<\/strong>, afirm\u00f3 la bailarina.<\/p>\n\n\n\n<figure class=\"wp-block-image size-full\"><img loading=\"lazy\" decoding=\"async\" width=\"780\" height=\"471\" src=\"https:\/\/corrientesdetarde.com\/wp-content\/uploads\/2024\/01\/image-213.png\" alt=\"\" class=\"wp-image-120613\" srcset=\"https:\/\/corrientesdetarde.com\/wp-content\/uploads\/2024\/01\/image-213.png 780w, https:\/\/corrientesdetarde.com\/wp-content\/uploads\/2024\/01\/image-213-300x181.png 300w, https:\/\/corrientesdetarde.com\/wp-content\/uploads\/2024\/01\/image-213-768x464.png 768w\" sizes=\"auto, (max-width: 780px) 100vw, 780px\" \/><\/figure>\n\n\n\n<p>Luego lleg\u00f3 la feliz noticia de su embarazo y esperaban convertirse en padres en febrero, pero el parto se adelant\u00f3 y su beb\u00e9 naci\u00f3 el 23 de enero. Hace unos d\u00edas, hablaba de c\u00f3mo transitaba la recta final: \u201cTengo la panza baja porque es var\u00f3n y es como en punta.&nbsp;<strong>Me levanto todo el tiempo para hacer pis y el calor me mata. Tengo la temperatura corporal que es el triple de la que ten\u00eda siempre\u201d.<\/strong><\/p>\n\n\n\n<p>La pareja eligi\u00f3 un nombre tan curioso par su hijo. El beb\u00e9 se llama\u00a0<strong>Galileo\u00a0<\/strong>y fue elegido en los \u00faltimos d\u00edas ya que estaban indecisos. \u201cEs algo que estamos discutiendo&#8230; Hay uno muy\u00a0<strong>ex\u00f3tico<\/strong>\u00a0y uno un poquito m\u00e1s conocido, largos los dos. Pero quiero que tenga mi apellido tambi\u00e9n\u201d, hab\u00eda detallado Magui durante una entrevista.<\/p>\n\n\n\n<figure class=\"wp-block-image size-full\"><img loading=\"lazy\" decoding=\"async\" width=\"780\" height=\"475\" src=\"https:\/\/corrientesdetarde.com\/wp-content\/uploads\/2024\/01\/image-214.png\" alt=\"\" class=\"wp-image-120614\" srcset=\"https:\/\/corrientesdetarde.com\/wp-content\/uploads\/2024\/01\/image-214.png 780w, https:\/\/corrientesdetarde.com\/wp-content\/uploads\/2024\/01\/image-214-300x183.png 300w, https:\/\/corrientesdetarde.com\/wp-content\/uploads\/2024\/01\/image-214-768x468.png 768w\" sizes=\"auto, (max-width: 780px) 100vw, 780px\" \/><\/figure>\n\n\n\n<h3 class=\"wp-block-heading\">El significado del nombre<\/h3>\n\n\n\n<p>Galileo significa &#8220;el que vive en Galilea&#8221; y refiere a la regi\u00f3n donde se encuentra Nazaret, lugar donde vivi\u00f3 Jes\u00fas, por lo cual tiene una connotaci\u00f3n religiosa. Es de origen hebreo y el m\u00e1s famoso en llevar ese nombre fue&nbsp;<strong>Galileo Galilei<\/strong>, el reconocido astr\u00f3nomo y matem\u00e1tico italiano.<\/p>\n","protected":false},"excerpt":{"rendered":"<p>La bailarina y su marido esperaban la llegada de su primer hijo para febrero, pero el parto se adelant\u00f3. Magui Bravi\u00a0se hizo conocida cuando se anot\u00f3 en el reality\u00a0So\u00f1ando por&hellip; <\/p>\n","protected":false},"author":4,"featured_media":120615,"comment_status":"closed","ping_status":"open","sticky":false,"template":"","format":"standard","meta":{"footnotes":""},"categories":[19],"tags":[],"class_list":["post-120611","post","type-post","status-publish","format-standard","has-post-thumbnail","hentry","category-espectaculos"],"_links":{"self":[{"href":"https:\/\/corrientesdetarde.com\/index.php\/wp-json\/wp\/v2\/posts\/120611","targetHints":{"allow":["GET"]}}],"collection":[{"href":"https:\/\/corrientesdetarde.com\/index.php\/wp-json\/wp\/v2\/posts"}],"about":[{"href":"https:\/\/corrientesdetarde.com\/index.php\/wp-json\/wp\/v2\/types\/post"}],"author":[{"embeddable":true,"href":"https:\/\/corrientesdetarde.com\/index.php\/wp-json\/wp\/v2\/users\/4"}],"replies":[{"embeddable":true,"href":"https:\/\/corrientesdetarde.com\/index.php\/wp-json\/wp\/v2\/comments?post=120611"}],"version-history":[{"count":1,"href":"https:\/\/corrientesdetarde.com\/index.php\/wp-json\/wp\/v2\/posts\/120611\/revisions"}],"predecessor-version":[{"id":120616,"href":"https:\/\/corrientesdetarde.com\/index.php\/wp-json\/wp\/v2\/posts\/120611\/revisions\/120616"}],"wp:featuredmedia":[{"embeddable":true,"href":"https:\/\/corrientesdetarde.com\/index.php\/wp-json\/wp\/v2\/media\/120615"}],"wp:attachment":[{"href":"https:\/\/corrientesdetarde.com\/index.php\/wp-json\/wp\/v2\/media?parent=120611"}],"wp:term":[{"taxonomy":"category","embeddable":true,"href":"https:\/\/corrientesdetarde.com\/index.php\/wp-json\/wp\/v2\/categories?post=120611"},{"taxonomy":"post_tag","embeddable":true,"href":"https:\/\/corrientesdetarde.com\/index.php\/wp-json\/wp\/v2\/tags?post=120611"}],"curies":[{"name":"wp","href":"https:\/\/api.w.org\/{rel}","templated":true}]}}