{"id":120617,"date":"2024-01-24T22:02:12","date_gmt":"2024-01-25T01:02:12","guid":{"rendered":"https:\/\/corrientesdetarde.com\/?p=120617"},"modified":"2024-01-24T22:02:24","modified_gmt":"2024-01-25T01:02:24","slug":"selena-gomez-y-una-reflexion-sobre-su-cambio-fisico-no-soy-perfecta-pero-estoy-orgullosa-de-ser-quien-soy","status":"publish","type":"post","link":"https:\/\/corrientesdetarde.com\/index.php\/espectaculos\/selena-gomez-y-una-reflexion-sobre-su-cambio-fisico-no-soy-perfecta-pero-estoy-orgullosa-de-ser-quien-soy\/","title":{"rendered":"Selena Gomez y una reflexi\u00f3n sobre su cambio f\u00edsico: &#8220;No soy perfecta, pero estoy orgullosa de ser quien soy&#8221;"},"content":{"rendered":"\n<p>La cantante y actriz se hab\u00eda alejado de las redes sociales para evitar las constantes cr\u00edticas que recib\u00eda sobre su imagen.<\/p>\n\n\n\n<p><strong>Selena Gomez<\/strong>\u00a0anunci\u00f3 en 2017 que se iba a alejar de las redes sociales porque le provocaban mucha ansiedad. Adem\u00e1s, sent\u00eda un ojo muy cr\u00edtico de la gente que evaluaba su cambio f\u00edsico y, en varias ocasiones, lo hac\u00eda con malicia.<br>\u00a0La cantante volvi\u00f3 a postear en su cuenta de Instagram y esta vez lo hizo para hacer una profunda reflexi\u00f3n sobre su f\u00edsico. Selena public\u00f3 una foto que le hab\u00edan tomado en bikini en el a\u00f1o 2013.\u00a0<strong>\u201cHoy me he dado cuenta de que nunca volver\u00e9 a verme as\u00ed&#8230;\u201d,<\/strong>\u00a0coment\u00f3.<\/p>\n\n\n\n<figure class=\"wp-block-image size-full\"><img loading=\"lazy\" decoding=\"async\" width=\"780\" height=\"474\" src=\"https:\/\/corrientesdetarde.com\/wp-content\/uploads\/2024\/01\/image-215.png\" alt=\"\" class=\"wp-image-120618\" srcset=\"https:\/\/corrientesdetarde.com\/wp-content\/uploads\/2024\/01\/image-215.png 780w, https:\/\/corrientesdetarde.com\/wp-content\/uploads\/2024\/01\/image-215-300x182.png 300w, https:\/\/corrientesdetarde.com\/wp-content\/uploads\/2024\/01\/image-215-768x467.png 768w\" sizes=\"auto, (max-width: 780px) 100vw, 780px\" \/><\/figure>\n\n\n\n<p>Pero tras esa imagen, la artista mostr\u00f3 una foto actual, a sus 31 a\u00f1os.\u00a0<strong>\u201cNo soy perfecta, pero estoy orgullosa de ser quien soy&#8230; A veces me olvido de que est\u00e1 bien ser yo\u201d<\/strong>, reflexion\u00f3.<\/p>\n\n\n\n<figure class=\"wp-block-image size-full\"><img loading=\"lazy\" decoding=\"async\" width=\"783\" height=\"474\" src=\"https:\/\/corrientesdetarde.com\/wp-content\/uploads\/2024\/01\/image-216.png\" alt=\"\" class=\"wp-image-120619\" srcset=\"https:\/\/corrientesdetarde.com\/wp-content\/uploads\/2024\/01\/image-216.png 783w, https:\/\/corrientesdetarde.com\/wp-content\/uploads\/2024\/01\/image-216-300x182.png 300w, https:\/\/corrientesdetarde.com\/wp-content\/uploads\/2024\/01\/image-216-768x465.png 768w\" sizes=\"auto, (max-width: 783px) 100vw, 783px\" \/><\/figure>\n\n\n\n<p>El a\u00f1o pasado hizo algo similar cuando el p\u00fablico le remarc\u00f3 su aumento de peso y ella explic\u00f3 que se debe a la medicaci\u00f3n que toma hace varios a\u00f1os para tratar el lupus, la enfermedad que padece.<\/p>\n\n\n\n<p><strong>\u201cTiendo a retener l\u00edquidos y eso pasa muy a menudo. Solo quer\u00eda animar a cualquiera que sienta alg\u00fan tipo de verg\u00fcenza por lo que est\u00e9 pasando, que nadie sabe la verdadera historia<\/strong>. Quiero que la gente sepa que es preciosa y maravillosa. S\u00ed, tenemos d\u00edas en los que nos sentimos mal, pero prefiero estar sana y cuidarme, y&nbsp;<strong>mis medicamentos son importantes y creo que me ayudan. As\u00ed que, bueno, no soy una modelo y nunca lo ser\u00e9\u201d<\/strong>, explic\u00f3 a sus millones de seguidores.<br>&nbsp;<\/p>\n\n\n\n<p>\u201cSolo quer\u00eda decirles que los amo y que gracias por apoyarme y comprenderme. Y si no lo hacen, se pueden ir, porque sinceramente no creo que haya que avergonzar a las personas por eso [sus cuerpos]\u201d, concluy\u00f3.<br>&nbsp;<\/p>\n\n\n\n<p>En 2015 le diagnosticaron lupus, en 2017 se someti\u00f3 a un trasplante de ri\u00f1\u00f3n y termin\u00f3 su relaci\u00f3n de 8 a\u00f1os con Justin Bieber. En 2018, entr\u00f3 en psicosis y tuvo que entrar a un centro de rehabilitaci\u00f3n, donde le diagnosticaron trastorno bipolar. Hoy est\u00e1 de novia con el productor Benny Blanco e intenta dejar atr\u00e1s las cr\u00edticas y los prejuicios que tanto la lastimaron en el pasado.<\/p>\n","protected":false},"excerpt":{"rendered":"<p>La cantante y actriz se hab\u00eda alejado de las redes sociales para evitar las constantes cr\u00edticas que recib\u00eda sobre su imagen. Selena Gomez\u00a0anunci\u00f3 en 2017 que se iba a alejar&hellip; <\/p>\n","protected":false},"author":4,"featured_media":120620,"comment_status":"closed","ping_status":"open","sticky":false,"template":"","format":"standard","meta":{"footnotes":""},"categories":[19],"tags":[],"class_list":["post-120617","post","type-post","status-publish","format-standard","has-post-thumbnail","hentry","category-espectaculos"],"_links":{"self":[{"href":"https:\/\/corrientesdetarde.com\/index.php\/wp-json\/wp\/v2\/posts\/120617","targetHints":{"allow":["GET"]}}],"collection":[{"href":"https:\/\/corrientesdetarde.com\/index.php\/wp-json\/wp\/v2\/posts"}],"about":[{"href":"https:\/\/corrientesdetarde.com\/index.php\/wp-json\/wp\/v2\/types\/post"}],"author":[{"embeddable":true,"href":"https:\/\/corrientesdetarde.com\/index.php\/wp-json\/wp\/v2\/users\/4"}],"replies":[{"embeddable":true,"href":"https:\/\/corrientesdetarde.com\/index.php\/wp-json\/wp\/v2\/comments?post=120617"}],"version-history":[{"count":1,"href":"https:\/\/corrientesdetarde.com\/index.php\/wp-json\/wp\/v2\/posts\/120617\/revisions"}],"predecessor-version":[{"id":120621,"href":"https:\/\/corrientesdetarde.com\/index.php\/wp-json\/wp\/v2\/posts\/120617\/revisions\/120621"}],"wp:featuredmedia":[{"embeddable":true,"href":"https:\/\/corrientesdetarde.com\/index.php\/wp-json\/wp\/v2\/media\/120620"}],"wp:attachment":[{"href":"https:\/\/corrientesdetarde.com\/index.php\/wp-json\/wp\/v2\/media?parent=120617"}],"wp:term":[{"taxonomy":"category","embeddable":true,"href":"https:\/\/corrientesdetarde.com\/index.php\/wp-json\/wp\/v2\/categories?post=120617"},{"taxonomy":"post_tag","embeddable":true,"href":"https:\/\/corrientesdetarde.com\/index.php\/wp-json\/wp\/v2\/tags?post=120617"}],"curies":[{"name":"wp","href":"https:\/\/api.w.org\/{rel}","templated":true}]}}