{"id":120631,"date":"2024-01-24T23:04:39","date_gmt":"2024-01-25T02:04:39","guid":{"rendered":"https:\/\/corrientesdetarde.com\/?p=120631"},"modified":"2024-01-24T23:04:51","modified_gmt":"2024-01-25T02:04:51","slug":"melendi-se-presentara-en-el-movistar-arena","status":"publish","type":"post","link":"https:\/\/corrientesdetarde.com\/index.php\/espectaculos\/melendi-se-presentara-en-el-movistar-arena\/","title":{"rendered":"Melendi se presentar\u00e1 en el Movistar Arena"},"content":{"rendered":"\n<p>El multipremiado artista espa\u00f1ol regresa a Buenos Aires para celebrar sus 20 a\u00f1os de carrera el pr\u00f3ximo 2 de marzo.<\/p>\n\n\n\n<p>Luego de su glorioso concierto sold out en Mayo de 2023,\u00a0<strong>Melendi regresar\u00e1 a Buenos Aires y se presentar\u00e1 en el Movistar Arena para celebrar sus 20 a\u00f1os de carrera<\/strong>. Con producci\u00f3n de Fenix Entertainment, la cita para\u00a0<strong>este show imperdible ser\u00e1 el 2 de marzo de 2024\u00a0<\/strong>y los tickets est\u00e1n disponibles \u00fanicamente a trav\u00e9s de www.movistararena.com.ar.<\/p>\n\n\n\n<figure class=\"wp-block-image size-full\"><img loading=\"lazy\" decoding=\"async\" width=\"782\" height=\"474\" src=\"https:\/\/corrientesdetarde.com\/wp-content\/uploads\/2024\/01\/image-218.png\" alt=\"\" class=\"wp-image-120632\" srcset=\"https:\/\/corrientesdetarde.com\/wp-content\/uploads\/2024\/01\/image-218.png 782w, https:\/\/corrientesdetarde.com\/wp-content\/uploads\/2024\/01\/image-218-300x182.png 300w, https:\/\/corrientesdetarde.com\/wp-content\/uploads\/2024\/01\/image-218-768x466.png 768w\" sizes=\"auto, (max-width: 782px) 100vw, 782px\" \/><\/figure>\n\n\n\n<p>Durante el tour 20 a\u00f1os sin noticias, el artista asturiano llen\u00f3 estadios en varias ciudades del mundo y fue su deseo regresar a la Argentina para ofrecer un show en el Movistar Arena el pr\u00f3ximo 2 de marzo.&nbsp;<\/p>\n\n\n\n<p>Melendi lo relat\u00f3 as\u00ed en sus redes sociales: &#8220;No s\u00e9 ni por d\u00f3nde empezar para agradecer un a\u00f1o maravilloso en el que hab\u00e9is tenido mucho que ver&#8230; Ya 2023 comenz\u00f3 de manera inmejorable, con una gira en Estados Unidos y Am\u00e9rica Latina que super\u00f3 todas las expectativas. Sin embargo&nbsp;<strong>el recibimiento al tour &#8217;20 a\u00f1os sin noticias&#8217; nos deja sin palabras&#8230;&nbsp;<\/strong>Hemos comprobado que todas esas canciones que yo cre\u00eda caducadas est\u00e1n m\u00e1s vivas que nunca, y hab\u00e9is conseguido adem\u00e1s que sea la gira m\u00e1s divertida de los \u00faltimos a\u00f1os, siempre disfrutamos pero esto es otro nivel&#8221;.<\/p>\n\n\n\n<p>&#8220;Tanto mi equipo como yo queremos confesaros que estamos absolutamente sobrepasados por la aceptaci\u00f3n, el cari\u00f1o y la energ\u00eda que compart\u00eds con nosotros noche tras noche. Es incre\u00edble pero para que os hag\u00e1is una idea, hemos recibido unas 400 propuestas para llevar este show a Europa, EEUU, Am\u00e9rica Latina y por supuesto, para continuar en Espa\u00f1a. Evidentemente no podemos atenderlas todas, no nos podemos multiplicar y adem\u00e1s, yo necesito priorizar y dedicar todo el tiempo que pueda a mi nueva paternidad y en definitiva, a mi familia. S\u00ed quer\u00eda confirmaros que iremos a pa\u00edses como Per\u00fa, donde hace m\u00e1s de diez a\u00f1os que no tocamos, vamos a Uruguay por primera vez , a Chile, Ecuador, Argentina&#8230; Pa\u00edses que siempre est\u00e1n en nuestros planes y que se han querido sumar a esta aventura del #vuelveholanda. Os dejo en esta publicaci\u00f3n las primeras fechas tanto en Am\u00e9rica como en Espa\u00f1a, en los pr\u00f3ximos d\u00edas iremos ampliando ciudades, os mantendremos informados. Una vez m\u00e1s, GRACIAS y felices fiestas a todos&#8221;, hab\u00eda escrito al finalizar un a\u00f1o de \u00e9xitos.<\/p>\n\n\n\n<p><strong>Melendi es uno de los artistas espa\u00f1oles m\u00e1s reconocidos del momento<\/strong>. Cuenta con una trayectoria destacada, con m\u00e1s de 20 a\u00f1os de carrera sumando &nbsp;24 discos de Platino en Espa\u00f1a y 3,5 millones de ejemplares vendidos a lo largo de su carrera. Sus canciones acumulan miles de millones de reproducciones en plataformas digitales, lo que le convirti\u00f3 en 2019 en el artista espa\u00f1ol m\u00e1s escuchado de todos los tiempos en nuestro pa\u00eds en Spotify, pero tambi\u00e9n en el m\u00e1s buscado en Amazon. Cuenta con siete millones de oyentes mensuales en Spotify.&nbsp;<\/p>\n","protected":false},"excerpt":{"rendered":"<p>El multipremiado artista espa\u00f1ol regresa a Buenos Aires para celebrar sus 20 a\u00f1os de carrera el pr\u00f3ximo 2 de marzo. Luego de su glorioso concierto sold out en Mayo de&hellip; <\/p>\n","protected":false},"author":4,"featured_media":120633,"comment_status":"closed","ping_status":"open","sticky":false,"template":"","format":"standard","meta":{"footnotes":""},"categories":[19],"tags":[],"class_list":["post-120631","post","type-post","status-publish","format-standard","has-post-thumbnail","hentry","category-espectaculos"],"_links":{"self":[{"href":"https:\/\/corrientesdetarde.com\/index.php\/wp-json\/wp\/v2\/posts\/120631","targetHints":{"allow":["GET"]}}],"collection":[{"href":"https:\/\/corrientesdetarde.com\/index.php\/wp-json\/wp\/v2\/posts"}],"about":[{"href":"https:\/\/corrientesdetarde.com\/index.php\/wp-json\/wp\/v2\/types\/post"}],"author":[{"embeddable":true,"href":"https:\/\/corrientesdetarde.com\/index.php\/wp-json\/wp\/v2\/users\/4"}],"replies":[{"embeddable":true,"href":"https:\/\/corrientesdetarde.com\/index.php\/wp-json\/wp\/v2\/comments?post=120631"}],"version-history":[{"count":1,"href":"https:\/\/corrientesdetarde.com\/index.php\/wp-json\/wp\/v2\/posts\/120631\/revisions"}],"predecessor-version":[{"id":120634,"href":"https:\/\/corrientesdetarde.com\/index.php\/wp-json\/wp\/v2\/posts\/120631\/revisions\/120634"}],"wp:featuredmedia":[{"embeddable":true,"href":"https:\/\/corrientesdetarde.com\/index.php\/wp-json\/wp\/v2\/media\/120633"}],"wp:attachment":[{"href":"https:\/\/corrientesdetarde.com\/index.php\/wp-json\/wp\/v2\/media?parent=120631"}],"wp:term":[{"taxonomy":"category","embeddable":true,"href":"https:\/\/corrientesdetarde.com\/index.php\/wp-json\/wp\/v2\/categories?post=120631"},{"taxonomy":"post_tag","embeddable":true,"href":"https:\/\/corrientesdetarde.com\/index.php\/wp-json\/wp\/v2\/tags?post=120631"}],"curies":[{"name":"wp","href":"https:\/\/api.w.org\/{rel}","templated":true}]}}