{"id":120652,"date":"2024-01-25T09:43:52","date_gmt":"2024-01-25T12:43:52","guid":{"rendered":"https:\/\/corrientesdetarde.com\/?p=120652"},"modified":"2024-01-25T09:46:46","modified_gmt":"2024-01-25T12:46:46","slug":"a-pesar-de-que-cae-el-consumo-de-tabaco-uno-de-cada-cinco-adultos-es-fumador-segun-la-oms","status":"publish","type":"post","link":"https:\/\/corrientesdetarde.com\/index.php\/informacion-general\/a-pesar-de-que-cae-el-consumo-de-tabaco-uno-de-cada-cinco-adultos-es-fumador-segun-la-oms\/","title":{"rendered":"A pesar de que cae el consumo de tabaco, uno de cada cinco adultos es fumador, seg\u00fan la OMS"},"content":{"rendered":"\n<p>Hace 20 a\u00f1os, uno de cada tres adultos fumaba, hoy el<strong>\u00a0tabaquismo<\/strong>\u00a0afecta a uno de cada cinco. Es la prueba de que las pol\u00edticas de salud p\u00fablica funcionan. Sin embargo, la industria tabacalera sigue al acecho.<\/p>\n\n\n\n<p>Seg\u00fan la tendencia, la Organizaci\u00f3n Mundial de la Salud (OMS) espera que este porcentaje baje al 23,9 por ciento en 2025 y, finalmente, llegue al 22,1 por ciento en 2030, lo que supondr\u00eda un descenso de m\u00e1s de 10 puntos desde el inicio del siglo XXI.<\/p>\n\n\n\n<p>\u201cSe han logrado grandes progresos en el control del consumo de tabaco en a\u00f1os recientes, pero no hay tiempo para relajarse\u201d, expuso el director del Departamento de Promoci\u00f3n de la Salud de la OMS, Ruediger Krech, al momento de presentar las&nbsp;<strong>estad\u00edsticas de fumadores en el mundo.<\/strong><\/p>\n\n\n\n<p>\u201cObservamos que cada vez que un Gobierno piensa que ha ganado la batalla contra el tabaco, la industria busca cualquier oportunidad para&nbsp;<strong>manipular pol\u00edticas sanitarias&nbsp;<\/strong>y vender sus letales productos\u201d, puntualiz\u00f3.<\/p>\n\n\n\n<figure class=\"wp-block-image\"><img decoding=\"async\" src=\"https:\/\/tn.com.ar\/resizer\/VtucY_-U8IoIOEozxns2cdcSn-M=\/767x0\/smart\/filters:format(webp)\/cloudfront-us-east-1.images.arcpublishing.com\/artear\/AZJWLNZQNRF4LC4DNRKANWWTEU.jpeg\" alt=\"Cualquier persona que comienza a usar tabaco puede hacerse adicta a la nicotina. Foto: Adobe Stock.\"\/><figcaption>Cualquier persona que comienza a usar tabaco puede hacerse adicta a la nicotina. Foto: Adobe Stock.Por:&nbsp;<strong>Nopphon &#8211; stock.adobe.com<\/strong><\/figcaption><\/figure>\n\n\n\n<p>El informe tambi\u00e9n advierte que el consumo del tabaco a\u00fan persiste entre los adolescentes, bien a trav\u00e9s de los cigarrillos convencionales o bien con nuevos productos en ocasiones dirigidos hacia ellos, como los cigarrillos electr\u00f3nicos.<\/p>\n\n\n\n<p>En el informe de la OMS, se subraya que 150 pa\u00edses han logrado reducir con \u00e9xito el consumo del tabaco. Sin embargo, desde 2010 hasta 2022, los fumadores han aumentado en seis naciones:<\/p>\n\n\n\n<ul class=\"wp-block-list\"><li>Rep\u00fablica Democr\u00e1tica del Congo<\/li><li>Egipto<\/li><li>Indonesia<\/li><li>Jordania<\/li><li>Om\u00e1n<\/li><li>Moldavia<\/li><\/ul>\n\n\n\n<p>Caber destacar que la regi\u00f3n con mayor porcentaje de fumadores entre la poblaci\u00f3n adulta es el<strong>&nbsp;sur y sureste de Asia<\/strong>&nbsp;(26.5 %), seguida de Europa (25.3 %), mientras que en Am\u00e9rica la tasa es del 16.6 por ciento y en \u00c1frica es donde se da el porcentaje m\u00e1s bajo (9.5 %).<\/p>\n\n\n\n<figure class=\"wp-block-image\"><img decoding=\"async\" src=\"https:\/\/tn.com.ar\/resizer\/vRXDFeX7zVBm22Ipo3tzM9nVh7M=\/767x0\/smart\/filters:format(webp)\/cloudfront-us-east-1.images.arcpublishing.com\/artear\/2VJSMXGMMBC37G76M5W567BZAY.jpeg\" alt=\"En dos a\u00f1os, el n\u00famero de fumadores se ha reducido en 19 millones. (Foto: Adobe Stock)\"\/><figcaption>En dos a\u00f1os, el n\u00famero de fumadores se ha reducido en 19 millones. (Foto: Adobe Stock)<\/figcaption><\/figure>\n\n\n\n<h2 class=\"wp-block-heading\">El tabaco y los chicos<\/h2>\n\n\n\n<p>Las encuestas nacionales muestran sistem\u00e1ticamente que los ni\u00f1os de 13 a 15 a\u00f1os de la mayor\u00eda de los pa\u00edses\u00a0<strong>consumen tabaco y productos con nicotina<\/strong>. Para proteger a las generaciones futuras y garantizar que el consumo de tabaco siga disminuyendo, la OMS dedicar\u00e1 el D\u00eda Mundial Sin Tabaco de este a\u00f1o a proteger a los ni\u00f1os de la interferencia de la industria tabacalera.<\/p>\n\n\n\n<p>\u201cEl pr\u00f3ximo mes, los pa\u00edses se reunir\u00e1n en Panam\u00e1 para la 10\u00aa Sesi\u00f3n de la Conferencia de las Partes del Convenio Marco de la OMS para el Control del Tabaco (CMCT), donde la industria tabacalera tratar\u00e1 de influir en las pol\u00edticas sanitarias mundiales ofreciendo<strong>&nbsp;incentivos financieros y en especie<\/strong>, interfiriendo con los derechos de los pa\u00edses a proteger la salud de sus poblaciones\u201d, recalcan desde el organismo sanitario de las Naciones Unidas.<\/p>\n","protected":false},"excerpt":{"rendered":"<p>Hace 20 a\u00f1os, uno de cada tres adultos fumaba, hoy el\u00a0tabaquismo\u00a0afecta a uno de cada cinco. Es la prueba de que las pol\u00edticas de salud p\u00fablica funcionan. Sin embargo, la&hellip; <\/p>\n","protected":false},"author":12,"featured_media":120670,"comment_status":"closed","ping_status":"open","sticky":false,"template":"","format":"standard","meta":{"footnotes":""},"categories":[1],"tags":[],"class_list":["post-120652","post","type-post","status-publish","format-standard","has-post-thumbnail","hentry","category-informacion-general"],"_links":{"self":[{"href":"https:\/\/corrientesdetarde.com\/index.php\/wp-json\/wp\/v2\/posts\/120652","targetHints":{"allow":["GET"]}}],"collection":[{"href":"https:\/\/corrientesdetarde.com\/index.php\/wp-json\/wp\/v2\/posts"}],"about":[{"href":"https:\/\/corrientesdetarde.com\/index.php\/wp-json\/wp\/v2\/types\/post"}],"author":[{"embeddable":true,"href":"https:\/\/corrientesdetarde.com\/index.php\/wp-json\/wp\/v2\/users\/12"}],"replies":[{"embeddable":true,"href":"https:\/\/corrientesdetarde.com\/index.php\/wp-json\/wp\/v2\/comments?post=120652"}],"version-history":[{"count":2,"href":"https:\/\/corrientesdetarde.com\/index.php\/wp-json\/wp\/v2\/posts\/120652\/revisions"}],"predecessor-version":[{"id":120675,"href":"https:\/\/corrientesdetarde.com\/index.php\/wp-json\/wp\/v2\/posts\/120652\/revisions\/120675"}],"wp:featuredmedia":[{"embeddable":true,"href":"https:\/\/corrientesdetarde.com\/index.php\/wp-json\/wp\/v2\/media\/120670"}],"wp:attachment":[{"href":"https:\/\/corrientesdetarde.com\/index.php\/wp-json\/wp\/v2\/media?parent=120652"}],"wp:term":[{"taxonomy":"category","embeddable":true,"href":"https:\/\/corrientesdetarde.com\/index.php\/wp-json\/wp\/v2\/categories?post=120652"},{"taxonomy":"post_tag","embeddable":true,"href":"https:\/\/corrientesdetarde.com\/index.php\/wp-json\/wp\/v2\/tags?post=120652"}],"curies":[{"name":"wp","href":"https:\/\/api.w.org\/{rel}","templated":true}]}}