{"id":120653,"date":"2024-01-25T09:42:21","date_gmt":"2024-01-25T12:42:21","guid":{"rendered":"https:\/\/corrientesdetarde.com\/?p=120653"},"modified":"2024-01-25T09:46:41","modified_gmt":"2024-01-25T12:46:41","slug":"la-feroz-acusacion-de-carla-de-gran-hermano-contra-karina-jelinek-por-haberla-estafado-con-un-canje","status":"publish","type":"post","link":"https:\/\/corrientesdetarde.com\/index.php\/espectaculos\/la-feroz-acusacion-de-carla-de-gran-hermano-contra-karina-jelinek-por-haberla-estafado-con-un-canje\/","title":{"rendered":"La feroz acusaci\u00f3n de Carla de \u201cGran Hermano\u201d contra Karina Jelinek por haberla estafado con un canje"},"content":{"rendered":"\n<p><strong>Carla De Stefano<\/strong>, la participante que abandon\u00f3\u00a0<em><strong>Gran Hermano<\/strong>\u00a0(Telefe)\u00a0<\/em>por decisi\u00f3n propia, lanz\u00f3 una fuerte acusaci\u00f3n contra<strong>Karina Jelinek<\/strong>. Seg\u00fan relat\u00f3, le entreg\u00f3\u00a0<strong>dos sillones a cambio de publicidad\u00a0<\/strong>en las redes pero la medi\u00e1tica no cumpli\u00f3 las condiciones del canje.<\/p>\n\n\n\n<p>En varias ocasiones, Karina qued\u00f3 involucrada en situaciones inc\u00f3modas con diferentes marcas. Por eso, la exconcursante del\u00a0<em>reality\u00a0<\/em>sum\u00f3 otra nueva denuncia contra ella y<strong>\u00a0la trat\u00f3 de \u201cdesgraciada\u201d<\/strong>.<\/p>\n\n\n\n<p><strong>\u201cMe han mangueado un mont\u00f3n\u201d<\/strong>, lanz\u00f3 Chula mientras hablaba en el streaming<em>&nbsp;Rep\u00fablica Z<\/em>&nbsp;sobre los productos que entreg\u00f3 con su emprendimiento de muebles.&nbsp;<strong>\u201cUna que me mangue\u00f3 directamente fue Jelinek. Ay chicos, me quise matar\u201d<\/strong>, continu\u00f3 relatando sobre el disgusto que se llev\u00f3 con la modelo.<\/p>\n\n\n\n<figure class=\"wp-block-image\"><img decoding=\"async\" src=\"https:\/\/tn.com.ar\/resizer\/oxX-3DD1Q_hXLhZ4IxVFaOrsJF4=\/767x0\/smart\/filters:format(webp)\/cloudfront-us-east-1.images.arcpublishing.com\/artear\/3Q72XSO2SJFS5AKBNTEGNJLL2Q.jpg\" alt=\"Carla De Stefano abandon\u00f3 &quot;Gran Hermano 2023&quot; por decisi\u00f3n propia. (Foto: Captura Telefe)\"\/><figcaption>Carla De Stefano abandon\u00f3 &#8220;Gran Hermano 2023&#8221; por decisi\u00f3n propia. (Foto: Captura Telefe)<\/figcaption><\/figure>\n\n\n\n<p>Luego, explic\u00f3: \u201c<strong>Le hice un descuento de la hostia, le llev\u00e9 sin cargo dos sillones<\/strong>&nbsp;y la muy desgraciada puso una foto, me arrob\u00f3 chiquitito&#8230; \u00a1Desgraciada!\u201d. Adem\u00e1s, destac\u00f3 que la situaci\u00f3n no termin\u00f3 ah\u00ed, sino que Karina la contact\u00f3 nuevamente. \u201cEncima tuvo el tup\u00e9 de volver a pedirme.&nbsp;<strong>Le dije \u2018no, mamita, garpa\u2019<\/strong>\u201d, asegur\u00f3 Carla.<\/p>\n\n\n\n<p>Sin embargo, esta no es la primera vez que circulan acusaciones de este tipo contra Jelinek. Incluso, en una entrevista que le hicieron recientemente para&nbsp;<em>Socios del Espect\u00e1culo (eltrece)<\/em>, el cronista Walter Leiva lanz\u00f3:&nbsp;<strong>\u201cDicen que Karina no cumple con los canjes\u201d<\/strong>. Ante eso, ella respondi\u00f3: \u201cHay marcas que por ah\u00ed te mandan algo como regalo, despu\u00e9s para hacerse conocidas hablan mal. Pero bueno, es as\u00ed.<strong>&nbsp;Tengo a alguien que me maneja las redes sociales<\/strong>\u201d.<\/p>\n\n\n\n<h2 class=\"wp-block-heading\">Karina Jelinek revel\u00f3 que tuvo que abandonar Punta del Este por los precios altos<\/h2>\n\n\n\n<p><strong>Karina Jelinek<\/strong>es una de las tantas figuras del espect\u00e1culo que viajaron a\u00a0<strong>Punta del Este<\/strong>para cumplir con compromisos laborales. Sin embargo, sorprendi\u00f3 al revelar el<strong>\u00a0problema econ\u00f3mico que tuvo en su estad\u00eda<\/strong>.<\/p>\n\n\n\n<p>A mediados de enero de este 2023, en su nota con<em>&nbsp;Socios del espect\u00e1culo (eltrece)<\/em>, la medi\u00e1tica cont\u00f3 que tuvo que irse de la ciudad uruguaya.<strong>&nbsp;\u201cEst\u00e1 muy caro, as\u00ed que me voy a Mar del Plata\u201d<\/strong>, explic\u00f3 ella sin filtros.<\/p>\n\n\n\n<figure class=\"wp-block-image\"><img decoding=\"async\" src=\"https:\/\/tn.com.ar\/resizer\/Spt_Oj5nyjQ3M1ijP5pW-W8Ko_I=\/767x0\/smart\/filters:format(webp)\/cloudfront-us-east-1.images.arcpublishing.com\/artear\/ZK62OGL465GL7JILZNNFETCH6E.jpg\" alt=\"Karina Jelinek habl\u00f3 en &quot;Socios del espect\u00e1culo&quot; sobre los canjes y su trabajo en las redes sociales. (Foto: Captura eltrece)\"\/><figcaption>Karina Jelinek habl\u00f3 en &#8220;Socios del espect\u00e1culo&#8221; sobre los canjes y su trabajo en las redes sociales. (Foto: Captura eltrece)<\/figcaption><\/figure>\n\n\n\n<p>Las declaraciones de Karina fueron luego de que el cronista Walter Leiva le preguntara si los famosos viajan a Punta del Este para\u00a0<strong>\u201cvivir del canje\u201d<\/strong>. \u201cNo es as\u00ed, es mentira, no existe. Nos invitan a los lugares y aceptamos a cambio de hacer colaboraciones en las redes. Mucha gente que no entiende opina,\u00a0<strong>pero ac\u00e1 hay que pagar las cosas<\/strong>\u201d, asegur\u00f3 ella.<\/p>\n\n\n\n<p>Por eso, Jelinek expuso su problema econ\u00f3mico en el pa\u00eds vecino:&nbsp;<strong>\u201cYo me voy antes porque est\u00e1 muy caro Punta del Este\u201d<\/strong>. De esa manera, dej\u00f3 en claro que tiene que volverse ya que los precios para vacacionar son muy altos.<\/p>\n\n\n\n<p>\u201cAs\u00ed que me voy a Mar del Plata, a hacer&nbsp;<em>streaming<\/em>.&nbsp;<strong>No tengo la oportunidad de quedarme un mes entero porque evidentemente es muy caro<\/strong>\u201d, cont\u00f3 Karina. As\u00ed, cont\u00f3 que si bien la contratan de algunas marcas, ella tiene que pagar otros gastos de su estad\u00eda.&nbsp;<strong>\u201cHay cosas que me invitan y otras que no\u201d<\/strong>, se\u00f1al\u00f3.<\/p>\n","protected":false},"excerpt":{"rendered":"<p>Carla De Stefano, la participante que abandon\u00f3\u00a0Gran Hermano\u00a0(Telefe)\u00a0por decisi\u00f3n propia, lanz\u00f3 una fuerte acusaci\u00f3n contraKarina Jelinek. Seg\u00fan relat\u00f3, le entreg\u00f3\u00a0dos sillones a cambio de publicidad\u00a0en las redes pero la medi\u00e1tica&hellip; <\/p>\n","protected":false},"author":12,"featured_media":120668,"comment_status":"closed","ping_status":"open","sticky":false,"template":"","format":"standard","meta":{"footnotes":""},"categories":[19],"tags":[],"class_list":["post-120653","post","type-post","status-publish","format-standard","has-post-thumbnail","hentry","category-espectaculos"],"_links":{"self":[{"href":"https:\/\/corrientesdetarde.com\/index.php\/wp-json\/wp\/v2\/posts\/120653","targetHints":{"allow":["GET"]}}],"collection":[{"href":"https:\/\/corrientesdetarde.com\/index.php\/wp-json\/wp\/v2\/posts"}],"about":[{"href":"https:\/\/corrientesdetarde.com\/index.php\/wp-json\/wp\/v2\/types\/post"}],"author":[{"embeddable":true,"href":"https:\/\/corrientesdetarde.com\/index.php\/wp-json\/wp\/v2\/users\/12"}],"replies":[{"embeddable":true,"href":"https:\/\/corrientesdetarde.com\/index.php\/wp-json\/wp\/v2\/comments?post=120653"}],"version-history":[{"count":2,"href":"https:\/\/corrientesdetarde.com\/index.php\/wp-json\/wp\/v2\/posts\/120653\/revisions"}],"predecessor-version":[{"id":120674,"href":"https:\/\/corrientesdetarde.com\/index.php\/wp-json\/wp\/v2\/posts\/120653\/revisions\/120674"}],"wp:featuredmedia":[{"embeddable":true,"href":"https:\/\/corrientesdetarde.com\/index.php\/wp-json\/wp\/v2\/media\/120668"}],"wp:attachment":[{"href":"https:\/\/corrientesdetarde.com\/index.php\/wp-json\/wp\/v2\/media?parent=120653"}],"wp:term":[{"taxonomy":"category","embeddable":true,"href":"https:\/\/corrientesdetarde.com\/index.php\/wp-json\/wp\/v2\/categories?post=120653"},{"taxonomy":"post_tag","embeddable":true,"href":"https:\/\/corrientesdetarde.com\/index.php\/wp-json\/wp\/v2\/tags?post=120653"}],"curies":[{"name":"wp","href":"https:\/\/api.w.org\/{rel}","templated":true}]}}