{"id":120742,"date":"2024-01-25T15:01:06","date_gmt":"2024-01-25T18:01:06","guid":{"rendered":"https:\/\/corrientesdetarde.com\/?p=120742"},"modified":"2024-01-25T15:01:08","modified_gmt":"2024-01-25T18:01:08","slug":"120742","status":"publish","type":"post","link":"https:\/\/corrientesdetarde.com\/index.php\/cultura\/120742\/","title":{"rendered":""},"content":{"rendered":"\n<figure class=\"wp-block-table\"><table><tbody><tr><td><strong>Los Carnavales Barriales trasladan<br>su alegr\u00eda al Industrial<\/strong><br><em>Desde las 20, este jueves las comparsas y agrupaciones tendr\u00e1n su segunda noche de desfile. El cors\u00f3dromo itinerante estar\u00e1 dispuesto en la avenida J.R Fern\u00e1ndez, por lo que desde las 18.30 habr\u00e1 cortes y desv\u00edos en l\u00edneas de colectivos.<\/em><br>Tras un inicio exitoso en el barrio Ba\u00f1ado Norte, este jueves a partir de las 20 el Industrial se vestir\u00e1 de fiesta para recibir la segunda jornada de los Carnavales Barriales, organizados por la Municipalidad de Corrientes.<br><br>El cors\u00f3dromo itinerante se ubicar\u00e1 en el tramo comprendido por la avenida J.R. Fern\u00e1ndez desde la calle Eva Per\u00f3n (ex R\u00edo Chico) hasta la avenida Libertad. En esa extensi\u00f3n, las comparsas y agrupaciones humor\u00edsticas y musicales, desplegar\u00e1n toda su magia y color en esta fiesta que recorre diferentes barrios de la ciudad.<br><br>De acuerdo a lo diagramado por la Subsecretar\u00eda de Tr\u00e1nsito y Seguridad Vial del municipio, a lo largo del tramo de desfile la banda Este ser\u00e1 para el recorrido de las comparsas y la Oeste como peatonal de los concurrentes. &nbsp;<br><br>Debido a ello, desde el organismo comunal informaron que habr\u00e1 restricciones en la circulaci\u00f3n vehicular, estableciendo cortes y desv\u00edos del tr\u00e1nsito a partir de las 18.30 de este jueves en todas las calles y avenidas que circundan al circuito de desfile.<br><br>En tal sentido, agentes de tr\u00e1nsito estar\u00e1n apostados en diferentes puntos para mantener la organizaci\u00f3n y fluidez de la circulaci\u00f3n indicando a conductores el sentido de desv\u00edos y cortes que se realizar\u00e1n en las siguientes intersecciones:<br><br>Avenida Eva Per\u00f3n y Jos\u00e9 Rol\u00f3n; Eva Per\u00f3n y Madrid; Eva Per\u00f3n y Badajoz; Eva Per\u00f3n y Eduardo Madero; Eva Per\u00f3n y UNNE; Eduardo Madero y Rocha; Jos\u00e9 Rol\u00f3n y Los Cocos; Jos\u00e9 Rol\u00f3n y Remedios de Escalada; Jos\u00e9 Rol\u00f3n y Pedro Esnaola; Jos\u00e9 Rol\u00f3n y R\u00edo Tercero; Jos\u00e9 Rol\u00f3n y Capilla del Monte; avenida Libertad y avenida Armenia; avenida Libertad y avenida Laprida; Dardo Rocha y Los Cocos; Dardo Rocha y Remedios de Escalada; Dardo Roca y Pedro Esnaola; Dardo Rocha y R\u00edo Tercero; Arquitecto Miguel Rojas (Pasaje 57) y Pedro Esnaola.<br><br>DESFILE<br><br>Seg\u00fan el cronograma previsto, la primera en pisar el cors\u00f3dromo itinerante ser\u00e1 Poty Jera, seguida por Yas\u00ed Por\u00e1, Osiris, Las Traviesas, Aram\u00fa, Payasos del Cacique, La Jaula de las Locas, Imperial, Samba Pasi\u00f3n.<br><br>Promediando la noche, ser\u00e1 el turno de Furia Loca, Camb\u00e1 Cu\u00e1 Show, Belleza Unida, Mita Jorhu, Bella Esperanza, Dr\u00e1cula, Sarava, Los Dandy\u00b4s, Ara Por\u00e1.<br><br>Para cerrar la segunda jornada se abrir\u00e1n paso por la avenida los integrantes de Tarag\u00fc\u00ed Por\u00e1, Mita Por\u00e1, Renacer, Rub\u00ed Show, Fantas\u00eda y Porto Carioca.<br><br>DESV\u00cdOS EN LAS L\u00cdNEAS DE COLECTIVOS<br><br>105A: IDA: Av. Libertad, Av. Laprida, Marechal, Quinquela Mart\u00edn, Av. Armenia a recorrido<br>REGRESO: Av Armenia, Ontiveros, Cnel Dupuy, Jos\u00e9 Morelos, Av. Libertad a recorrido.<br><br>105B: IDA: Av. R\u00edo Chico, Eduardo Madero, Av. Libertad, Av. Laprida, Marechal, Quinquela Mart\u00edn, Av. Armenia a recorrido<br>REGRESO: Av Armenia, Ontiveros, Cnel. Dupuy, Jos\u00e9 Morelos , Av. Libertad, Calle UNNE, Av. Rio Chico a recorrido<br><br>105C: IDA: Av. Libertad, Av. Laprida, Marechal, Quinquela Mart\u00edn, Av. Armenia a recorrido<br>REGRESO: Av Armenia, Ontiveros, Cnel. Dupuy, Jos\u00e9 Morelos , Av. Laprida, Av. Libertad a recorrido<br><br>109A- 109B: IDA: Av Armenia, Ontiveros, Cnel. Dupuy, Jos\u00e9 Morelos , Av. Laprida, Av. Libertad a recorrido<br>REGRESO: Av. Libertad, Av. Laprida, Marechal, Jos\u00e9 Morelos , &nbsp;Quinquela Mart\u00edn, Av. Armenia a recorrido<\/td><\/tr><\/tbody><\/table><\/figure>\n\n\n\n<figure class=\"wp-block-table\"><table><tbody><tr><td><\/td><\/tr><\/tbody><\/table><\/figure>\n","protected":false},"excerpt":{"rendered":"<p>Los Carnavales Barriales trasladansu alegr\u00eda al IndustrialDesde las 20, este jueves las comparsas y agrupaciones tendr\u00e1n su segunda noche de desfile. El cors\u00f3dromo itinerante estar\u00e1 dispuesto en la avenida J.R&hellip; <\/p>\n","protected":false},"author":3,"featured_media":120744,"comment_status":"closed","ping_status":"open","sticky":false,"template":"","format":"standard","meta":{"footnotes":""},"categories":[15],"tags":[],"class_list":["post-120742","post","type-post","status-publish","format-standard","has-post-thumbnail","hentry","category-cultura"],"_links":{"self":[{"href":"https:\/\/corrientesdetarde.com\/index.php\/wp-json\/wp\/v2\/posts\/120742","targetHints":{"allow":["GET"]}}],"collection":[{"href":"https:\/\/corrientesdetarde.com\/index.php\/wp-json\/wp\/v2\/posts"}],"about":[{"href":"https:\/\/corrientesdetarde.com\/index.php\/wp-json\/wp\/v2\/types\/post"}],"author":[{"embeddable":true,"href":"https:\/\/corrientesdetarde.com\/index.php\/wp-json\/wp\/v2\/users\/3"}],"replies":[{"embeddable":true,"href":"https:\/\/corrientesdetarde.com\/index.php\/wp-json\/wp\/v2\/comments?post=120742"}],"version-history":[{"count":1,"href":"https:\/\/corrientesdetarde.com\/index.php\/wp-json\/wp\/v2\/posts\/120742\/revisions"}],"predecessor-version":[{"id":120754,"href":"https:\/\/corrientesdetarde.com\/index.php\/wp-json\/wp\/v2\/posts\/120742\/revisions\/120754"}],"wp:featuredmedia":[{"embeddable":true,"href":"https:\/\/corrientesdetarde.com\/index.php\/wp-json\/wp\/v2\/media\/120744"}],"wp:attachment":[{"href":"https:\/\/corrientesdetarde.com\/index.php\/wp-json\/wp\/v2\/media?parent=120742"}],"wp:term":[{"taxonomy":"category","embeddable":true,"href":"https:\/\/corrientesdetarde.com\/index.php\/wp-json\/wp\/v2\/categories?post=120742"},{"taxonomy":"post_tag","embeddable":true,"href":"https:\/\/corrientesdetarde.com\/index.php\/wp-json\/wp\/v2\/tags?post=120742"}],"curies":[{"name":"wp","href":"https:\/\/api.w.org\/{rel}","templated":true}]}}