{"id":120743,"date":"2024-01-25T15:01:10","date_gmt":"2024-01-25T18:01:10","guid":{"rendered":"https:\/\/corrientesdetarde.com\/?p=120743"},"modified":"2024-01-25T15:01:12","modified_gmt":"2024-01-25T18:01:12","slug":"el-ciclo-cine-nae-abre-convocatoria-para-cortometrajes-y-videoclips-correntinos","status":"publish","type":"post","link":"https:\/\/corrientesdetarde.com\/index.php\/cultura\/el-ciclo-cine-nae-abre-convocatoria-para-cortometrajes-y-videoclips-correntinos\/","title":{"rendered":"El ciclo \u2018\u2019Cine Na\u00e9\u2019\u2019 abre convocatoria para cortometrajes y videoclips correntinos"},"content":{"rendered":"\n<p>El Instituto de Cultura de Corrientes informa que, en el marco del tradicional ciclo de \u2018\u2019Cine Na\u00e9\u2019 que se realizar\u00e1 una vez m\u00e1s por 3\u00b0 a\u00f1o consecutivo, se abri\u00f3 la convocatoria de obras audiovisuales, de cara a la proyecci\u00f3n que se realizar\u00e1 durante los mi\u00e9rcoles de febrero.<\/p>\n\n\n\n<p>Los d\u00edas 7, 14 y 21 de febrero, \u2018\u2018Cine Na\u00e9\u2019\u2019 volver\u00e1 a proyectar cortometrajes y videoclips, reafirmando as\u00ed su compromiso de fomentar la labor de los realizadores correntinos y chaque\u00f1os, generando una ventana de difusi\u00f3n para estos trabajos audiovisuales que nacen en su mayor\u00eda desde la Facultad de Artes, Dise\u00f1o y Ciencias de la Cultura de la Universidad Nacional del Nordeste (UNNE), o del \u00e1mbito independiente.<\/p>\n\n\n\n<p>Cabe se\u00f1alar que el ciclo se realizar\u00e1 los d\u00edas previamente mencionados en el patio del Instituto de Cultura de Corrientes (San Juan 546), con acceso libre y gratuito.<\/p>\n\n\n\n<p>Para enviar obras audiovisuales: los interesados deben comunicarse al 3794-343683 o al Instagram @cinenae.corrientes<\/p>\n\n\n\n<p><strong>Cine Na\u00e9<\/strong><\/p>\n\n\n\n<p>El ciclo de cine Na\u00e9 es una iniciativa que surgi\u00f3 a principios de 2022 por parte de los miembros m\u00e1s j\u00f3venes del cl\u00faster audiovisual Corrientes con el apoyo del departamento de Artes Audiovisuales del Instituto de Cultura de Corrientes.<\/p>\n\n\n\n<p>Su principal objetivo es promover y difundir las producciones audiovisuales locales y regionales del noroeste argentino (NEA). Mediante la organizaci\u00f3n de ediciones en febrero y julio de 2022 y 2023, el ciclo logr\u00f3 establecerse y despertar inter\u00e9s en el p\u00fablico de Corrientes.<\/p>\n","protected":false},"excerpt":{"rendered":"<p>El Instituto de Cultura de Corrientes informa que, en el marco del tradicional ciclo de \u2018\u2019Cine Na\u00e9\u2019 que se realizar\u00e1 una vez m\u00e1s por 3\u00b0 a\u00f1o consecutivo, se abri\u00f3 la&hellip; <\/p>\n","protected":false},"author":3,"featured_media":120746,"comment_status":"closed","ping_status":"open","sticky":false,"template":"","format":"standard","meta":{"footnotes":""},"categories":[15],"tags":[],"class_list":["post-120743","post","type-post","status-publish","format-standard","has-post-thumbnail","hentry","category-cultura"],"_links":{"self":[{"href":"https:\/\/corrientesdetarde.com\/index.php\/wp-json\/wp\/v2\/posts\/120743","targetHints":{"allow":["GET"]}}],"collection":[{"href":"https:\/\/corrientesdetarde.com\/index.php\/wp-json\/wp\/v2\/posts"}],"about":[{"href":"https:\/\/corrientesdetarde.com\/index.php\/wp-json\/wp\/v2\/types\/post"}],"author":[{"embeddable":true,"href":"https:\/\/corrientesdetarde.com\/index.php\/wp-json\/wp\/v2\/users\/3"}],"replies":[{"embeddable":true,"href":"https:\/\/corrientesdetarde.com\/index.php\/wp-json\/wp\/v2\/comments?post=120743"}],"version-history":[{"count":1,"href":"https:\/\/corrientesdetarde.com\/index.php\/wp-json\/wp\/v2\/posts\/120743\/revisions"}],"predecessor-version":[{"id":120755,"href":"https:\/\/corrientesdetarde.com\/index.php\/wp-json\/wp\/v2\/posts\/120743\/revisions\/120755"}],"wp:featuredmedia":[{"embeddable":true,"href":"https:\/\/corrientesdetarde.com\/index.php\/wp-json\/wp\/v2\/media\/120746"}],"wp:attachment":[{"href":"https:\/\/corrientesdetarde.com\/index.php\/wp-json\/wp\/v2\/media?parent=120743"}],"wp:term":[{"taxonomy":"category","embeddable":true,"href":"https:\/\/corrientesdetarde.com\/index.php\/wp-json\/wp\/v2\/categories?post=120743"},{"taxonomy":"post_tag","embeddable":true,"href":"https:\/\/corrientesdetarde.com\/index.php\/wp-json\/wp\/v2\/tags?post=120743"}],"curies":[{"name":"wp","href":"https:\/\/api.w.org\/{rel}","templated":true}]}}