{"id":120750,"date":"2024-01-25T15:00:45","date_gmt":"2024-01-25T18:00:45","guid":{"rendered":"https:\/\/corrientesdetarde.com\/?p=120750"},"modified":"2024-01-25T15:00:56","modified_gmt":"2024-01-25T18:00:56","slug":"la-dpec-realizara-trabajos-de-mejoras-en-el-interior-46","status":"publish","type":"post","link":"https:\/\/corrientesdetarde.com\/index.php\/informacion-general\/la-dpec-realizara-trabajos-de-mejoras-en-el-interior-46\/","title":{"rendered":"La DPEC realizar\u00e1 trabajos de mejoras en el interior"},"content":{"rendered":"\n<p>La Direcci\u00f3n Provincial de Energ\u00eda de Corrientes (DPEC) informa que con motivo de realizar mejoras en el servicio, se ejecutar\u00e1n tareas de cambio de seccionador, por lo cual se interrumpir\u00e1 el suministro de energ\u00eda el\u00e9ctrica en la ciudad de&nbsp;Ituzaing\u00f3 para el viernes 26 de enero de 6:30 a 07:30.<br>ZONA: Centro por calle Buenos Aires entre Per\u00fa y San Mart\u00edn.<\/p>\n\n\n\n<p>&#8212;&#8212;&#8212;&#8212;&#8212;&#8212;&#8212;&#8212;&#8212;&#8212;&#8212;&#8212;&#8212;&#8212;<\/p>\n\n\n\n<p>La Direcci\u00f3n Provincial de Energ\u00eda de Corrientes (DPEC) informa que con motivo de realizar mejoras en el servicio, se ejecutar\u00e1n tareas de mantenimiento de L\u00edneas de Media Tensi\u00f3n (LMT), por lo cual se interrumpir\u00e1 el suministro de energ\u00eda el\u00e9ctrica en la localidad de&nbsp;Mercedes para el viernes 26 de enero de 7&nbsp;a 10.<\/p>\n\n\n\n<p>ZONAS:&nbsp;B\u00b0 Itat\u00ed, B\u00b0 Anfiteatro, B\u00b0 Sagrada Familia, B\u00b0 5 de Julio, B\u00b0 Las Tipas, B\u00b0 Los Aromos, B\u00b0 de Suboficiales y Regimiento.<\/p>\n\n\n\n<p>&#8212;&#8212;&#8212;&#8212;&#8212;&#8212;&#8212;&#8212;&#8212;&#8212;&#8212;&#8212;&#8212;&#8212;<\/p>\n\n\n\n<p>La Direcci\u00f3n Provincial de Energ\u00eda de Corrientes (DPEC) informa que con motivo de realizar mejoras en el servicio, se ejecutar\u00e1n tareas de mantenimiento y poda sobre la traza de L\u00edneas de Media Tensi\u00f3n (LMT), por lo cual se interrumpir\u00e1 el suministro de energ\u00eda el\u00e9ctrica en la localidad de&nbsp;Goya para el s\u00e1bado 27 de enero de 7&nbsp;a 10.<\/p>\n\n\n\n<p>ZONAS:&nbsp;parte Norte de la zona Rural, Colonia Carolina, Colonia Progreso, Parajes Maruchas, Maruchitas, Ifr\u00e1n, Batel y zonas de influencia.<\/p>\n\n\n\n<p>&#8212;&#8212;&#8212;&#8212;&#8212;&#8212;&#8212;&#8212;&#8212;&#8212;&#8212;&#8212;&#8212;&#8212;<\/p>\n\n\n\n<p>La Direcci\u00f3n Provincial de Energ\u00eda de Corrientes (DPEC) informa que con motivo de realizar mejoras en el servicio, se ejecutar\u00e1n tareas de mantenimiento y poda sobre la traza de L\u00edneas de Media Tensi\u00f3n (LMT), por lo cual se interrumpir\u00e1 el suministro de energ\u00eda el\u00e9ctrica en la localidad de&nbsp;Paso de los Libres para el viernes 26 de enero de 6:30 a 10.<\/p>\n\n\n\n<p>ZONAS:&nbsp;B\u00b0 Catamarca, zona Palomar, alrededores de calles Sitja Nin y Mendoza, alrededores de 25 de Mayo y Sitja Nin, alrededores de Yatay y Te\u00f3filo Niveyro, zona del Hospital Viejo, y zonas de influencia.<\/p>\n","protected":false},"excerpt":{"rendered":"<p>La Direcci\u00f3n Provincial de Energ\u00eda de Corrientes (DPEC) informa que con motivo de realizar mejoras en el servicio, se ejecutar\u00e1n tareas de cambio de seccionador, por lo cual se interrumpir\u00e1&hellip; <\/p>\n","protected":false},"author":3,"featured_media":120510,"comment_status":"closed","ping_status":"open","sticky":false,"template":"","format":"standard","meta":{"footnotes":""},"categories":[1],"tags":[],"class_list":["post-120750","post","type-post","status-publish","format-standard","has-post-thumbnail","hentry","category-informacion-general"],"_links":{"self":[{"href":"https:\/\/corrientesdetarde.com\/index.php\/wp-json\/wp\/v2\/posts\/120750","targetHints":{"allow":["GET"]}}],"collection":[{"href":"https:\/\/corrientesdetarde.com\/index.php\/wp-json\/wp\/v2\/posts"}],"about":[{"href":"https:\/\/corrientesdetarde.com\/index.php\/wp-json\/wp\/v2\/types\/post"}],"author":[{"embeddable":true,"href":"https:\/\/corrientesdetarde.com\/index.php\/wp-json\/wp\/v2\/users\/3"}],"replies":[{"embeddable":true,"href":"https:\/\/corrientesdetarde.com\/index.php\/wp-json\/wp\/v2\/comments?post=120750"}],"version-history":[{"count":1,"href":"https:\/\/corrientesdetarde.com\/index.php\/wp-json\/wp\/v2\/posts\/120750\/revisions"}],"predecessor-version":[{"id":120752,"href":"https:\/\/corrientesdetarde.com\/index.php\/wp-json\/wp\/v2\/posts\/120750\/revisions\/120752"}],"wp:featuredmedia":[{"embeddable":true,"href":"https:\/\/corrientesdetarde.com\/index.php\/wp-json\/wp\/v2\/media\/120510"}],"wp:attachment":[{"href":"https:\/\/corrientesdetarde.com\/index.php\/wp-json\/wp\/v2\/media?parent=120750"}],"wp:term":[{"taxonomy":"category","embeddable":true,"href":"https:\/\/corrientesdetarde.com\/index.php\/wp-json\/wp\/v2\/categories?post=120750"},{"taxonomy":"post_tag","embeddable":true,"href":"https:\/\/corrientesdetarde.com\/index.php\/wp-json\/wp\/v2\/tags?post=120750"}],"curies":[{"name":"wp","href":"https:\/\/api.w.org\/{rel}","templated":true}]}}