{"id":120763,"date":"2024-01-25T16:01:16","date_gmt":"2024-01-25T19:01:16","guid":{"rendered":"https:\/\/corrientesdetarde.com\/?p=120763"},"modified":"2024-01-25T16:01:17","modified_gmt":"2024-01-25T19:01:17","slug":"incrementaron-un-100-los-montos-de-la-tarjeta-alimentar-los-detalles","status":"publish","type":"post","link":"https:\/\/corrientesdetarde.com\/index.php\/economia\/incrementaron-un-100-los-montos-de-la-tarjeta-alimentar-los-detalles\/","title":{"rendered":"Incrementaron un 100% los montos de la Tarjeta Alimentar: los detalles"},"content":{"rendered":"\n<p>La medida fue confirmada a trav\u00e9s de la Resoluci\u00f3n 11\/2024 publicada este jueves en el Bolet\u00edn Oficial.\u00a0<\/p>\n\n\n\n<p>El Gobierno Nacional dispuso un incremento del 100% en los montos de la Tarjeta Alimentar. De esta manera<strong>&nbsp; las familias en situaci\u00f3n de vulnerabilidad recibir\u00e1n $44.000, $69.000 o $91000&nbsp;&nbsp;<\/strong>de acuerdo a la cantidad de hijos.<\/p>\n\n\n\n<p>La medida fue confirmada a trav\u00e9s de la&nbsp;<strong>Resoluci\u00f3n 11\/2024<\/strong>&nbsp;del<strong>&nbsp;Ministerio de Capital Humano<\/strong>, publicada este jueves en el&nbsp;<strong>Bolet\u00edn Oficial<\/strong>, en medio del aumento de la inflaci\u00f3n y del deterioro del poder adquisitivo.<\/p>\n\n\n\n<p>En efecto, se formalizaron los aumentos de los montos destinados a los beneficiarios de la Tarjeta Alimentar, una pol\u00edtica derivada del plan nacional \u201cArgentina contra el hambre\u201d que fue creado en 2021 con la finalidad de garantizar el acceso de los sectores m\u00e1s vulnerables de la poblaci\u00f3n a los productos que componen la canasta b\u00e1sica de alimentos. Los mismos regir\u00e1n a partir de la liquidaci\u00f3n a abonarse en febrero.<\/p>\n\n\n\n<figure class=\"wp-block-image\"><img decoding=\"async\" src=\"https:\/\/pxc.cdn.ellitoral.com.ar\/litoral\/012024\/1706187263553\/carrito.webp?cw=992&amp;ch=558&amp;extw=png\" alt=\"Incrementaron un 100%  los montos de la Tarjeta Alimentar: los detalles\"\/><\/figure>\n\n\n\n<p>Las familias con un hijo\/a de 0 a 14 a\u00f1os que perciban la Asignaci\u00f3n Universal por Hijo, Asignaci\u00f3n Universal por Hijo con Discapacidad, Asignaci\u00f3n por Embarazo o Pensi\u00f3n para madre de 7 o m\u00e1s hijos\/as, pasar\u00e1n de cobrar de 22 mil pesos a $44 mil.<\/p>\n\n\n\n<p>Familias con dos hijos\/as de 0 a 14 a\u00f1os que perciban Asignaci\u00f3n Universal por Hijo, Asignaci\u00f3n Universal por Hijo con Discapacidad o Pensi\u00f3n para madre de 7 o m\u00e1s hijos\/as, pasar\u00e1n de cobrar 34.500 pesos a $69 mil.<\/p>\n\n\n\n<p>Mientras que las familias con tres hijos o m\u00e1s de 0 a 14 a\u00f1os de edad que perciban Asignaci\u00f3n Universal por Hijo, Asignaci\u00f3n Universal por Hijo con Discapacidad o Pensi\u00f3n para madre de 7 o m\u00e1s hijos\/as pasar\u00e1n de percibir 45.500 pesos a 91 mil pesos.<\/p>\n\n\n\n<p>\u201cEl citado aumento tiene por objeto recomponer el poder de compra de los sectores referidos, en el marco del proceso inflacionario que se encuentra atravesando nuestro pa\u00eds, considerando el incremento de la Canasta B\u00e1sica Alimentaria (CBA) durante los \u00faltimos meses\u201d, argument\u00f3 el Gobierno en los considerando de la resoluci\u00f3n que lleva la firma de la ministra de Capital Humano, Sandra Pettovello.<\/p>\n\n\n\n<p><strong>La suma oficializada esta madrugada representa un 100% de los montos que hab\u00edan sido establecidos por la anterior administraci\u00f3n,&nbsp;&nbsp;<\/strong>pero un 50% m\u00e1s de la que dispuso el Poder Ejecutivo el mes pasado luego de liberar los precios de la econom\u00eda. Este mes las familias beneficiarias de los mencionados planes y con un hijo\/a percibieron 33 mil pesos; con dos hijos\/as $51.750 y con tres o m\u00e1s hijos\/as $68.250.<\/p>\n\n\n\n<p>Mientras tanto se prev\u00e9 que la inflaci\u00f3n de enero ronde el 20% luego de haber terminado 2023 con la inflaci\u00f3n en alimentos m\u00e1s alta del mundo. Tras haber superado diciembre con un 25,5%, los datos de inflaci\u00f3n de la tercera semana del mes que realizan mediciones privadas acentuaron la tendencia que indica una desaceleraci\u00f3n de la suba de precios<\/p>\n\n\n\n<p>. Si bien se ubicar\u00eda por debajo de lo que fue diciembre, se mantendr\u00eda alta en torno al 20% manteniendo un arrastre del mes pasado.<\/p>\n\n\n\n<p>Una de las consultoras que ya adelant\u00f3 datos que incluyen lo sucedido la semana pasada es Econom\u00e9trica. La consultora estim\u00f3 un incremento de 3,1% en alimentos y bebidas. Para las \u00faltimas cuatro semanas, el comportamiento de este rubro puntual arroj\u00f3 un incremento de 13,9%, muy por debajo de casi 31% que hab\u00eda evidenciado en la primera semana de enero.<\/p>\n\n\n\n<p>En el mismo sentido calcul\u00f3 OJF &amp; Asociados, que arroj\u00f3 para la estimaci\u00f3n de la tercera semana del mes un incremento de s\u00f3lo 1,4%, acumulando 15,4% en tres semanas. Asimismo, calculan que el \u00edndice mensual estar\u00eda finalmente cerca del 20%.<\/p>\n\n\n\n<p>En el caso de Eco Go estimaron una suba bastante mayor en alimentos y bebidas, del orden del 3,8% en la tercera semana, aunque la variaci\u00f3n de las \u00faltimas cuatro semanas tambi\u00e9n muestra el mismo fen\u00f3meno de desaceleraci\u00f3n de precios, ya que arroj\u00f3 15,7%.<\/p>\n\n\n\n<p>Para la inflaci\u00f3n de todo enero, en Eco Go estiman que podr\u00eda estar cerca del 22,5%, es decir un escal\u00f3n arriba de lo calculado por OJF y Econom\u00e9trica, pero por debajo de diciembre.<\/p>\n","protected":false},"excerpt":{"rendered":"<p>La medida fue confirmada a trav\u00e9s de la Resoluci\u00f3n 11\/2024 publicada este jueves en el Bolet\u00edn Oficial.\u00a0 El Gobierno Nacional dispuso un incremento del 100% en los montos de la&hellip; <\/p>\n","protected":false},"author":3,"featured_media":120768,"comment_status":"closed","ping_status":"open","sticky":false,"template":"","format":"standard","meta":{"footnotes":""},"categories":[20],"tags":[],"class_list":["post-120763","post","type-post","status-publish","format-standard","has-post-thumbnail","hentry","category-economia"],"_links":{"self":[{"href":"https:\/\/corrientesdetarde.com\/index.php\/wp-json\/wp\/v2\/posts\/120763","targetHints":{"allow":["GET"]}}],"collection":[{"href":"https:\/\/corrientesdetarde.com\/index.php\/wp-json\/wp\/v2\/posts"}],"about":[{"href":"https:\/\/corrientesdetarde.com\/index.php\/wp-json\/wp\/v2\/types\/post"}],"author":[{"embeddable":true,"href":"https:\/\/corrientesdetarde.com\/index.php\/wp-json\/wp\/v2\/users\/3"}],"replies":[{"embeddable":true,"href":"https:\/\/corrientesdetarde.com\/index.php\/wp-json\/wp\/v2\/comments?post=120763"}],"version-history":[{"count":1,"href":"https:\/\/corrientesdetarde.com\/index.php\/wp-json\/wp\/v2\/posts\/120763\/revisions"}],"predecessor-version":[{"id":120787,"href":"https:\/\/corrientesdetarde.com\/index.php\/wp-json\/wp\/v2\/posts\/120763\/revisions\/120787"}],"wp:featuredmedia":[{"embeddable":true,"href":"https:\/\/corrientesdetarde.com\/index.php\/wp-json\/wp\/v2\/media\/120768"}],"wp:attachment":[{"href":"https:\/\/corrientesdetarde.com\/index.php\/wp-json\/wp\/v2\/media?parent=120763"}],"wp:term":[{"taxonomy":"category","embeddable":true,"href":"https:\/\/corrientesdetarde.com\/index.php\/wp-json\/wp\/v2\/categories?post=120763"},{"taxonomy":"post_tag","embeddable":true,"href":"https:\/\/corrientesdetarde.com\/index.php\/wp-json\/wp\/v2\/tags?post=120763"}],"curies":[{"name":"wp","href":"https:\/\/api.w.org\/{rel}","templated":true}]}}