{"id":120802,"date":"2024-01-25T17:33:07","date_gmt":"2024-01-25T20:33:07","guid":{"rendered":"https:\/\/corrientesdetarde.com\/?p=120802"},"modified":"2024-01-25T17:34:47","modified_gmt":"2024-01-25T20:34:47","slug":"casa-rosada-presiona-a-los-gobernadores-para-que-salga-la-ley-bases","status":"publish","type":"post","link":"https:\/\/corrientesdetarde.com\/index.php\/politica\/casa-rosada-presiona-a-los-gobernadores-para-que-salga-la-ley-bases\/","title":{"rendered":"Casa Rosada presiona a los Gobernadores para que salga la Ley Bases"},"content":{"rendered":"\n<p>(Juan Pablo Peralta, Casa de Gobierno) &#8211; El presidente Javier Milei encabez\u00f3 otra reuni\u00f3n del Gabinete nacional en Balcarce 50. Luego de analizar la medida de fuerza y el acto de este mi\u00e9rcoles de la CGT, el vocero Manuel Adorni expres\u00f3 que el paro fue de &#8220;bajo acatamiento&#8221;.<\/p>\n\n\n\n<figure class=\"wp-block-embed is-type-video is-provider-youtube wp-block-embed-youtube wp-embed-aspect-16-9 wp-has-aspect-ratio\"><div class=\"wp-block-embed__wrapper\">\n<iframe loading=\"lazy\" title=\"Reuniones de milei\" width=\"1110\" height=\"624\" src=\"https:\/\/www.youtube.com\/embed\/eBLVB_6D_Gw?feature=oembed\" frameborder=\"0\" allow=\"accelerometer; autoplay; clipboard-write; encrypted-media; gyroscope; picture-in-picture; web-share\" allowfullscreen><\/iframe>\n<\/div><\/figure>\n\n\n\n<p>Seg\u00fan comunic\u00f3, en base a datos de asocioanes comerciales, 0.19% de los ttabajadores se plegaron a la iniciativa sindical y fueron unas 40 mil personas las que salieron a la calle. Tambi\u00e9n anunci\u00f3 que el ministro de Justicia de la Naci\u00f3n, Mariano C\u00faneo Libarona, le va a sugerir al Procurador General, Eduardo Casal, la creaci\u00f3n de una fiscal\u00eda especial para investigar delitos de corrupci\u00f3n vinculados a funcionarios nacionales, provinciales y legislativos. Sobre la pr\u00f3rroga, hasta el pr\u00f3ximo martes, para tratar en la C\u00e1mara baja la Ley Bases, se\u00f1al\u00f3 que el Gobierno no se va a mover un cent\u00edmetro de la guerra contra el d\u00e9ficit cero. Adorni neg\u00f3 que los cambios en la Superintendencia de Servicios de Salud tengan que ver con la disputa de la administraci\u00f3n central con la c\u00fapula cegetista. Tambi\u00e9n sali\u00f3 a desmentir que est\u00e9 en agenda la derogaci\u00f3n de la Interrupci\u00f3n Voluntaria del Embarazo. Al caer la tarde, en la sede del Poder Ejecutivo, el ministro de Econom\u00eda Luis Caputo y el secretario de Medios, Eduardo Serenellini, recibieron a representantes de sectores productivos y comerciales para analizar la s medidas que el PEN envi\u00f3 al Parlamento.<\/p>\n","protected":false},"excerpt":{"rendered":"<p>(Juan Pablo Peralta, Casa de Gobierno) &#8211; El presidente Javier Milei encabez\u00f3 otra reuni\u00f3n del Gabinete nacional en Balcarce 50. Luego de analizar la medida de fuerza y el acto&hellip; <\/p>\n","protected":false},"author":11,"featured_media":109251,"comment_status":"closed","ping_status":"open","sticky":false,"template":"","format":"standard","meta":{"footnotes":""},"categories":[3],"tags":[1209,336],"class_list":["post-120802","post","type-post","status-publish","format-standard","has-post-thumbnail","hentry","category-politica","tag-gobernadores","tag-milei"],"_links":{"self":[{"href":"https:\/\/corrientesdetarde.com\/index.php\/wp-json\/wp\/v2\/posts\/120802","targetHints":{"allow":["GET"]}}],"collection":[{"href":"https:\/\/corrientesdetarde.com\/index.php\/wp-json\/wp\/v2\/posts"}],"about":[{"href":"https:\/\/corrientesdetarde.com\/index.php\/wp-json\/wp\/v2\/types\/post"}],"author":[{"embeddable":true,"href":"https:\/\/corrientesdetarde.com\/index.php\/wp-json\/wp\/v2\/users\/11"}],"replies":[{"embeddable":true,"href":"https:\/\/corrientesdetarde.com\/index.php\/wp-json\/wp\/v2\/comments?post=120802"}],"version-history":[{"count":2,"href":"https:\/\/corrientesdetarde.com\/index.php\/wp-json\/wp\/v2\/posts\/120802\/revisions"}],"predecessor-version":[{"id":120805,"href":"https:\/\/corrientesdetarde.com\/index.php\/wp-json\/wp\/v2\/posts\/120802\/revisions\/120805"}],"wp:featuredmedia":[{"embeddable":true,"href":"https:\/\/corrientesdetarde.com\/index.php\/wp-json\/wp\/v2\/media\/109251"}],"wp:attachment":[{"href":"https:\/\/corrientesdetarde.com\/index.php\/wp-json\/wp\/v2\/media?parent=120802"}],"wp:term":[{"taxonomy":"category","embeddable":true,"href":"https:\/\/corrientesdetarde.com\/index.php\/wp-json\/wp\/v2\/categories?post=120802"},{"taxonomy":"post_tag","embeddable":true,"href":"https:\/\/corrientesdetarde.com\/index.php\/wp-json\/wp\/v2\/tags?post=120802"}],"curies":[{"name":"wp","href":"https:\/\/api.w.org\/{rel}","templated":true}]}}