{"id":120809,"date":"2024-01-25T20:39:45","date_gmt":"2024-01-25T23:39:45","guid":{"rendered":"https:\/\/corrientesdetarde.com\/?p=120809"},"modified":"2024-01-25T20:39:57","modified_gmt":"2024-01-25T23:39:57","slug":"mocoreta-volco-el-acoplado-de-un-camion","status":"publish","type":"post","link":"https:\/\/corrientesdetarde.com\/index.php\/policiales\/mocoreta-volco-el-acoplado-de-un-camion\/","title":{"rendered":"Mocoret\u00e1: volc\u00f3 el acoplado de un cami\u00f3n"},"content":{"rendered":"\n<p>Una empresa de repartos ingreso a la localidad correntina de Mocoret\u00e1 para entregar pedidos. Antes de ingresar a la ciudad desengancharon el acoplado en la colectora, a la altura de lo que antiguamente era el molino. Posteriormente fueron con el cami\u00f3n a entregar los pedidos y cuando regresaron se encontraron con la sorpresa de que el acoplado se hab\u00eda desbloqueado y se movi\u00f3 peligrosamente marcha atr\u00e1s por la cinta asf\u00e1ltica, donde afortunadamente en esos momentos no transitaba nadie.<\/p>\n\n\n<div class=\"wp-block-image\">\n<figure class=\"aligncenter size-full\"><img loading=\"lazy\" decoding=\"async\" width=\"541\" height=\"720\" src=\"https:\/\/corrientesdetarde.com\/wp-content\/uploads\/2024\/01\/image-220.png\" alt=\"\" class=\"wp-image-120813\" srcset=\"https:\/\/corrientesdetarde.com\/wp-content\/uploads\/2024\/01\/image-220.png 541w, https:\/\/corrientesdetarde.com\/wp-content\/uploads\/2024\/01\/image-220-225x300.png 225w\" sizes=\"auto, (max-width: 541px) 100vw, 541px\" \/><\/figure>\n<\/div>\n\n\n<p>El acoplado por la velocidad que agarr\u00f3 en el desnivel, termin\u00f3 volcando y obstruyendo pr\u00e1cticamente toda la calzada, que es el ingreso a Mocoret\u00e1 desde el lado sur.<br>Milagrosamente nadie result\u00f3 herido, s\u00f3lo da\u00f1os materiales en el transporte.<\/p>\n\n\n\n<p>En el lugar solicitaron el servicio de la empresa local para despejar la colectora, a pocos metros del puesto caminero. La tarea demand\u00f3 poco m\u00e1s de hora y media de trabajo, actualmente el ingreso a la localidad por esa v\u00eda se encuentra liberado.<\/p>\n\n\n\n<figure class=\"wp-block-image\"><img decoding=\"async\" src=\"https:\/\/www.diarioepoca.com\/content\/bucket\/1\/1343791w762h428c.jpg.webp\" alt=\"\"\/><\/figure>\n","protected":false},"excerpt":{"rendered":"<p>Una empresa de repartos ingreso a la localidad correntina de Mocoret\u00e1 para entregar pedidos. Antes de ingresar a la ciudad desengancharon el acoplado en la colectora, a la altura de&hellip; <\/p>\n","protected":false},"author":1,"featured_media":120814,"comment_status":"closed","ping_status":"open","sticky":false,"template":"","format":"standard","meta":{"footnotes":""},"categories":[33],"tags":[],"class_list":["post-120809","post","type-post","status-publish","format-standard","has-post-thumbnail","hentry","category-policiales"],"_links":{"self":[{"href":"https:\/\/corrientesdetarde.com\/index.php\/wp-json\/wp\/v2\/posts\/120809","targetHints":{"allow":["GET"]}}],"collection":[{"href":"https:\/\/corrientesdetarde.com\/index.php\/wp-json\/wp\/v2\/posts"}],"about":[{"href":"https:\/\/corrientesdetarde.com\/index.php\/wp-json\/wp\/v2\/types\/post"}],"author":[{"embeddable":true,"href":"https:\/\/corrientesdetarde.com\/index.php\/wp-json\/wp\/v2\/users\/1"}],"replies":[{"embeddable":true,"href":"https:\/\/corrientesdetarde.com\/index.php\/wp-json\/wp\/v2\/comments?post=120809"}],"version-history":[{"count":1,"href":"https:\/\/corrientesdetarde.com\/index.php\/wp-json\/wp\/v2\/posts\/120809\/revisions"}],"predecessor-version":[{"id":120815,"href":"https:\/\/corrientesdetarde.com\/index.php\/wp-json\/wp\/v2\/posts\/120809\/revisions\/120815"}],"wp:featuredmedia":[{"embeddable":true,"href":"https:\/\/corrientesdetarde.com\/index.php\/wp-json\/wp\/v2\/media\/120814"}],"wp:attachment":[{"href":"https:\/\/corrientesdetarde.com\/index.php\/wp-json\/wp\/v2\/media?parent=120809"}],"wp:term":[{"taxonomy":"category","embeddable":true,"href":"https:\/\/corrientesdetarde.com\/index.php\/wp-json\/wp\/v2\/categories?post=120809"},{"taxonomy":"post_tag","embeddable":true,"href":"https:\/\/corrientesdetarde.com\/index.php\/wp-json\/wp\/v2\/tags?post=120809"}],"curies":[{"name":"wp","href":"https:\/\/api.w.org\/{rel}","templated":true}]}}