{"id":120825,"date":"2024-01-25T20:48:47","date_gmt":"2024-01-25T23:48:47","guid":{"rendered":"https:\/\/corrientesdetarde.com\/?p=120825"},"modified":"2024-01-25T20:48:59","modified_gmt":"2024-01-25T23:48:59","slug":"detuvieron-a-un-segundo-acusado-de-haber-participado-en-el-crimen-de-umma-aguilera","status":"publish","type":"post","link":"https:\/\/corrientesdetarde.com\/index.php\/crimen-y-justicia\/detuvieron-a-un-segundo-acusado-de-haber-participado-en-el-crimen-de-umma-aguilera\/","title":{"rendered":"Detuvieron a un segundo acusado de haber participado en el crimen de Umma Aguilera"},"content":{"rendered":"\n<p>&#8220;<strong>Axel Emiliano Rojas<\/strong>\u00a0criminal de ni\u00f1os&#8221;, fueron las palabras con las que la ministra de Seguridad de la Naci\u00f3n,\u00a0<strong>Patricia Bullrich<\/strong>, inform\u00f3 la detenci\u00f3n de un joven de 20 a\u00f1os acusado de haber participado en el crimen de\u00a0<strong>Umma Aguilera<\/strong>, la ni\u00f1a de 9 a\u00f1os que fue asesinada el lunes de un balazo en la cabeza durante un intento de robo en el partido bonaerense de Lomas de Zamora, y ya son dos los apresados por el hecho.<\/p>\n\n\n\n<p>El anuncio del nuevo arresto fue hecho por Bullrich a trav\u00e9s de la red social X: &#8220;La Polic\u00eda Federal Argentina ya detuvo a otros de los asesinos de Umma. Le dijimos que la iban a pagar uno por uno. Axel Emiliano Rojas criminal de ni\u00f1os. No hay consuelo, al menos habr\u00e1 justicia . Trabajamos junto a la Provincia para buscar los que falta. El que las hace, las paga&#8221;.<\/p>\n\n\n\n<p>En principio, se\u00f1alan que un vecino identific\u00f3 las zapatillas que ten\u00eda el sospechoso y dio aviso de forma inmediata a la Polic\u00eda. Otras de los datos que se desprenden del caso es que en noviembre \u00faltimo Rojas hab\u00eda cobrado una asignaci\u00f3n del Anases.<\/p>\n\n\n\n<h2 class=\"wp-block-heading\">El primer detenido por el asesinato de Umma<\/h2>\n\n\n\n<p><strong>Patricio Valent\u00edn Garc\u00eda<\/strong>&nbsp;(22) fue el primero de los delincuentes capturados en el caso. Durante su indagatoria frente al fiscal se neg\u00f3 a declarar y subray\u00f3 que presentar\u00e1 pruebas que ratifican su inocencia.<\/p>\n\n\n\n<p>Se supo que el acusado tiene dos abogados particulares que se acercaron a la fiscalia y anunciaron que entregar\u00e1n material que lo desvincular\u00eda del hecho.<\/p>\n\n\n\n<p>El otro de los se\u00f1alados es M.P.R.M. de 21 a\u00f1os. La Polic\u00eda logr\u00f3 identificarlo por una huella dactilar en el Toyota Corolla negro, el auto que robaron en primera instancia.<\/p>\n\n\n\n<p>Acerca del cuarto integrante de la banda, se\u00f1alaron que hasta el momento solo pudieron obtener su alia. El joven es conocido como \u201cBarrita\u201d o \u201cBaltazar&#8221;.<\/p>\n\n\n\n<p>La causa fue caratulada como \u201crobo agravado en dos hechos, con arma de fuego apta y homicidio criminis causa\u201d y contin\u00faan los allanamientos para dar con los otros dos se\u00f1alados que est\u00e1n pr\u00f3fugos.<\/p>\n","protected":false},"excerpt":{"rendered":"<p>&#8220;Axel Emiliano Rojas\u00a0criminal de ni\u00f1os&#8221;, fueron las palabras con las que la ministra de Seguridad de la Naci\u00f3n,\u00a0Patricia Bullrich, inform\u00f3 la detenci\u00f3n de un joven de 20 a\u00f1os acusado de&hellip; <\/p>\n","protected":false},"author":1,"featured_media":120826,"comment_status":"closed","ping_status":"open","sticky":false,"template":"","format":"standard","meta":{"footnotes":""},"categories":[5],"tags":[],"class_list":["post-120825","post","type-post","status-publish","format-standard","has-post-thumbnail","hentry","category-crimen-y-justicia"],"_links":{"self":[{"href":"https:\/\/corrientesdetarde.com\/index.php\/wp-json\/wp\/v2\/posts\/120825","targetHints":{"allow":["GET"]}}],"collection":[{"href":"https:\/\/corrientesdetarde.com\/index.php\/wp-json\/wp\/v2\/posts"}],"about":[{"href":"https:\/\/corrientesdetarde.com\/index.php\/wp-json\/wp\/v2\/types\/post"}],"author":[{"embeddable":true,"href":"https:\/\/corrientesdetarde.com\/index.php\/wp-json\/wp\/v2\/users\/1"}],"replies":[{"embeddable":true,"href":"https:\/\/corrientesdetarde.com\/index.php\/wp-json\/wp\/v2\/comments?post=120825"}],"version-history":[{"count":1,"href":"https:\/\/corrientesdetarde.com\/index.php\/wp-json\/wp\/v2\/posts\/120825\/revisions"}],"predecessor-version":[{"id":120827,"href":"https:\/\/corrientesdetarde.com\/index.php\/wp-json\/wp\/v2\/posts\/120825\/revisions\/120827"}],"wp:featuredmedia":[{"embeddable":true,"href":"https:\/\/corrientesdetarde.com\/index.php\/wp-json\/wp\/v2\/media\/120826"}],"wp:attachment":[{"href":"https:\/\/corrientesdetarde.com\/index.php\/wp-json\/wp\/v2\/media?parent=120825"}],"wp:term":[{"taxonomy":"category","embeddable":true,"href":"https:\/\/corrientesdetarde.com\/index.php\/wp-json\/wp\/v2\/categories?post=120825"},{"taxonomy":"post_tag","embeddable":true,"href":"https:\/\/corrientesdetarde.com\/index.php\/wp-json\/wp\/v2\/tags?post=120825"}],"curies":[{"name":"wp","href":"https:\/\/api.w.org\/{rel}","templated":true}]}}