{"id":120837,"date":"2024-01-25T21:15:53","date_gmt":"2024-01-26T00:15:53","guid":{"rendered":"https:\/\/corrientesdetarde.com\/?p=120837"},"modified":"2024-01-25T21:16:05","modified_gmt":"2024-01-26T00:16:05","slug":"magui-bravi-mostro-las-primeras-imagenes-de-su-hijo-y-hablo-del-parto-fue-una-cesarea-de-emergencia","status":"publish","type":"post","link":"https:\/\/corrientesdetarde.com\/index.php\/espectaculos\/magui-bravi-mostro-las-primeras-imagenes-de-su-hijo-y-hablo-del-parto-fue-una-cesarea-de-emergencia\/","title":{"rendered":"Magui Bravi mostr\u00f3 las primeras im\u00e1genes de su hijo y habl\u00f3 del parto: \u201cFue una ces\u00e1rea de emergencia\u201d"},"content":{"rendered":"\n<p>El pasado martes 25 de febrero la vida cambi\u00f3 para la bailarina\u00a0<strong>Magui Bravi<\/strong>\u00a0y su esposo\u00a0<strong>Octavio Cattaneo,\u00a0<\/strong>ya que luego de diez a\u00f1os juntos se convirtieron en los padres de\u00a0su primer hijo:\u00a0<strong>Galileo<\/strong>. Si bien en un principio la actriz ten\u00eda fecha de parto para febrero, ese d\u00eda se adelant\u00f3 y quedar\u00e1 para siempre en sus corazones.<\/p>\n\n\n\n<p>Este jueves, Magui se pronunci\u00f3 a trav\u00e9s de sus redes sociales por primera vez\u00a0ya que la noticia fue confirmada por\u00a0<strong>\u00c1ngel de Brito,<\/strong> quien en un principio tambi\u00e9n hab\u00eda comunicado el embarazo de la famosa. En aquel entonces, tras los primeros tres meses de embarazo, el periodista revel\u00f3 la feliz situaci\u00f3n que atravesaba la pareja y ahora confirm\u00f3 la noticia del nacimiento, a pedido de la flamante mam\u00e1.<\/p>\n\n\n\n<p><img loading=\"lazy\" decoding=\"async\" alt=\"La bailarina comparti\u00f3 las primeras im\u00e1genes con su hijo (Instagram)\" height=\"1920\" width=\"1894\" src=\"https:\/\/www.infobae.com\/new-resizer\/F3DsouNl0uQK9XgXP8qTucmrKrw=\/420x420\/filters:format(webp):quality(85)\/cloudfront-us-east-1.images.arcpublishing.com\/infobae\/R23DVQ4MKREGPJSYZXT4EWWNEM.jpg%20420w\" srcset=\"https:\/\/www.infobae.com\/new-resizer\/F3DsouNl0uQK9XgXP8qTucmrKrw=\/420x420\/filters:format(webp):quality(85)\/cloudfront-us-east-1.images.arcpublishing.com\/infobae\/R23DVQ4MKREGPJSYZXT4EWWNEM.jpg 420w,https:\/\/www.infobae.com\/new-resizer\/QQM0AmibJP9x81VWfgnJq9pgNGc=\/768x768\/filters:format(webp):quality(85)\/cloudfront-us-east-1.images.arcpublishing.com\/infobae\/R23DVQ4MKREGPJSYZXT4EWWNEM.jpg 768w,https:\/\/www.infobae.com\/new-resizer\/y0WVZwZME2NmPhcUZY0u1dANDpc=\/992x992\/filters:format(webp):quality(85)\/cloudfront-us-east-1.images.arcpublishing.com\/infobae\/R23DVQ4MKREGPJSYZXT4EWWNEM.jpg 992w,https:\/\/www.infobae.com\/new-resizer\/hU9Lz_YKZauJM4ugVmHHM3otdhM=\/1200x1200\/filters:format(webp):quality(85)\/cloudfront-us-east-1.images.arcpublishing.com\/infobae\/R23DVQ4MKREGPJSYZXT4EWWNEM.jpg 1200w,https:\/\/www.infobae.com\/new-resizer\/mb9U2u1rdMXfZSji-ifird7LqJk=\/1440x1440\/filters:format(webp):quality(85)\/cloudfront-us-east-1.images.arcpublishing.com\/infobae\/R23DVQ4MKREGPJSYZXT4EWWNEM.jpg 1440w\">La bailarina comparti\u00f3 las primeras im\u00e1genes con su hijo (Instagram)<\/p>\n\n\n\n<p>En ese sentido, a dos d\u00edas de tener en sus brazos a su beb\u00e9, desde el Sanatorio de Los Arcos, la bailarina public\u00f3 las primeras im\u00e1genes del nacimiento de su hijo y tambi\u00e9n aprovech\u00f3 la oportunidad para escribirle unas emotivas palabras de agradecimiento a todo el personal que la asisti\u00f3 durante el parto.<\/p>\n\n\n\n<p><strong>\u201c23\/1\/2024 te convertiste en el d\u00eda favorito de toda mi vida. \u00a1Bienvenido, Galileo! Un embarazo de alto riesgo y una ces\u00e1rea de emergencia<\/strong>. Alg\u00fan d\u00eda les contar\u00e9 c\u00f3mo fue nuestro tercer trimestre. Hoy estamos los dos bien y muy agradecidos\u201d, comenz\u00f3 diciendo Bravi en un posteo que dej\u00f3 registrado en su<em>&nbsp;feed&nbsp;<\/em>de Instagram donde confes\u00f3 que los \u00faltimos meses fueron un poco duros.<\/p>\n\n\n\n<p><img loading=\"lazy\" decoding=\"async\" alt=\"Magui Bravi confirm\u00f3 que ten\u00eda fecha de parto prevista para febrero pero finalmente debieron realizarle una ces\u00e1rea de emergencia (Instagram)\" height=\"1920\" width=\"1891\" src=\"https:\/\/www.infobae.com\/new-resizer\/g7I2VbYRRDjm5xFd1Gc6k6EWaC4=\/420x420\/filters:format(webp):quality(85)\/cloudfront-us-east-1.images.arcpublishing.com\/infobae\/MSV3GUJ355DF7L2PMDMUQUQS5M.jpg%20420w\" srcset=\"https:\/\/www.infobae.com\/new-resizer\/g7I2VbYRRDjm5xFd1Gc6k6EWaC4=\/420x420\/filters:format(webp):quality(85)\/cloudfront-us-east-1.images.arcpublishing.com\/infobae\/MSV3GUJ355DF7L2PMDMUQUQS5M.jpg 420w,https:\/\/www.infobae.com\/new-resizer\/tKbRFN1IsSAj1tnHQ1gWo9JgBbc=\/768x768\/filters:format(webp):quality(85)\/cloudfront-us-east-1.images.arcpublishing.com\/infobae\/MSV3GUJ355DF7L2PMDMUQUQS5M.jpg 768w,https:\/\/www.infobae.com\/new-resizer\/appozakv0IlVLswlJAm0MPE9_g4=\/992x992\/filters:format(webp):quality(85)\/cloudfront-us-east-1.images.arcpublishing.com\/infobae\/MSV3GUJ355DF7L2PMDMUQUQS5M.jpg 992w,https:\/\/www.infobae.com\/new-resizer\/YNHFvqr18P3iRRREDzh_EN5N974=\/1200x1200\/filters:format(webp):quality(85)\/cloudfront-us-east-1.images.arcpublishing.com\/infobae\/MSV3GUJ355DF7L2PMDMUQUQS5M.jpg 1200w,https:\/\/www.infobae.com\/new-resizer\/YM0aellEp1f_Ao9Ob_UQ3UVczmQ=\/1440x1440\/filters:format(webp):quality(85)\/cloudfront-us-east-1.images.arcpublishing.com\/infobae\/MSV3GUJ355DF7L2PMDMUQUQS5M.jpg 1440w\">Magui Bravi confirm\u00f3 que ten\u00eda fecha de parto prevista para febrero pero finalmente debieron realizarle una ces\u00e1rea de emergencia (Instagram)<\/p>\n\n\n\n<p>De todas maneras, emocionada y feliz por la llegada de su beb\u00e9, le agradeci\u00f3 a todos los profesionales del Sanatorio: \u201c<strong>Gracias a mi obstetra y todo el equipo del Sanatorio de Los Arcos&nbsp;<\/strong>que nos acompa\u00f1aron y nos contuvieron en un d\u00eda tan especial\u201d, sostuvo y cerr\u00f3: \u201cTambi\u00e9n (gracias) a quienes acompa\u00f1aron y siguieron de cerca a mi gordo todo el camino.&nbsp;<strong>La \u00faltima foto es impresionante\u201d<\/strong>, concluy\u00f3 Magui.<\/p>\n\n\n\n<p>La publicaci\u00f3n, que llevaba solo una hora publicada, ya ten\u00eda m\u00e1s de 70 mil me gusta y cientos de comentarios por parte de sus fan\u00e1ticos, familiares y amigos que le regalaron muchas felicitaciones y bendiciones a la bailarina por la llegada de su beb\u00e9. El posteo incluy\u00f3 seis im\u00e1genes donde se puede ver a Magui con su beb\u00e9 recostado en su pecho, otra de ella amamantando a Galileo, una junto a su marido y su hijo en el momento del parto y la \u00faltima, que es del momento exacto en que el nene naci\u00f3.<\/p>\n\n\n\n<p><img loading=\"lazy\" decoding=\"async\" alt=\"La actriz amamantando a su hijo Galileo (Instagram)\" height=\"1920\" width=\"1891\" src=\"https:\/\/www.infobae.com\/new-resizer\/27uita7rM6tHlEBqKe3nftrTJl4=\/420x420\/filters:format(webp):quality(85)\/cloudfront-us-east-1.images.arcpublishing.com\/infobae\/EYVO232WQ5GBPM3PPSOGLLCAU4.jpg%20420w\" srcset=\"https:\/\/www.infobae.com\/new-resizer\/27uita7rM6tHlEBqKe3nftrTJl4=\/420x420\/filters:format(webp):quality(85)\/cloudfront-us-east-1.images.arcpublishing.com\/infobae\/EYVO232WQ5GBPM3PPSOGLLCAU4.jpg 420w,https:\/\/www.infobae.com\/new-resizer\/LjfcWQYtkSiD9GkR0xSJuYCAOFA=\/768x768\/filters:format(webp):quality(85)\/cloudfront-us-east-1.images.arcpublishing.com\/infobae\/EYVO232WQ5GBPM3PPSOGLLCAU4.jpg 768w,https:\/\/www.infobae.com\/new-resizer\/FiZ2ojmLCp0S7Os0QyQUT0h-H70=\/992x992\/filters:format(webp):quality(85)\/cloudfront-us-east-1.images.arcpublishing.com\/infobae\/EYVO232WQ5GBPM3PPSOGLLCAU4.jpg 992w,https:\/\/www.infobae.com\/new-resizer\/zIzwImY1W02MsRq-6LcGPyRkw0g=\/1200x1200\/filters:format(webp):quality(85)\/cloudfront-us-east-1.images.arcpublishing.com\/infobae\/EYVO232WQ5GBPM3PPSOGLLCAU4.jpg 1200w,https:\/\/www.infobae.com\/new-resizer\/_8JSKfCNRtZOyedNfZIeUfXE3aY=\/1440x1440\/filters:format(webp):quality(85)\/cloudfront-us-east-1.images.arcpublishing.com\/infobae\/EYVO232WQ5GBPM3PPSOGLLCAU4.jpg 1440w\">La actriz amamantando a su hijo Galileo (Instagram)<\/p>\n\n\n\n<p>La bailarina y el arquitecto se conocieron cuando el d\u00eda a d\u00eda de Bravi estaba lejos de las luces y las c\u00e1maras. En ese entonces ella trabajaba como azafata en una aerol\u00ednea y estudiaba filosof\u00eda. As\u00ed comenzaron un noviazgo que dur\u00f3 siete a\u00f1os y que culmin\u00f3 en la etapa de mayor exposici\u00f3n de la actriz. Todo sucedi\u00f3 despu\u00e9s de su paso por&nbsp;<em>Bailando por un sue\u00f1o<\/em>&nbsp;cuando su figura explot\u00f3 en la televisi\u00f3n, su pareja entr\u00f3 en crisis y se distanciaron. Luego, \u00e9l viaj\u00f3 a Espa\u00f1a para realizar un master en Administraci\u00f3n de Empresas a Espa\u00f1a.<\/p>\n\n\n\n<p>Sin embargo, a los pocos meses retomaron la relaci\u00f3n. \u201cNos separamos un rato y despu\u00e9s volvimos, pero hoy en d\u00eda los cuento como todos juntos\u201d, hab\u00eda explicado en marzo de 2023. As\u00ed, despu\u00e9s de tres a\u00f1os de distanciamiento &#8211; en donde nunca cortaron el di\u00e1logo &#8211; la pareja volvi\u00f3 a estar unida en 2018 y se casaron a comienzos del a\u00f1o pasado.<\/p>\n\n\n\n<p><img loading=\"lazy\" decoding=\"async\" height=\"1920\" width=\"1891\" srcset=\"https:\/\/www.infobae.com\/new-resizer\/GWHOoMWsjYg-3__r23PXIlqYEFs=\/420x420\/filters:format(webp):quality(85)\/cloudfront-us-east-1.images.arcpublishing.com\/infobae\/ADEQDEO52VCABM6AIU5D2QFE6Y.jpg 420w,https:\/\/www.infobae.com\/new-resizer\/1fd_OMb9V9xo4a3-85KYJkAdfhA=\/768x768\/filters:format(webp):quality(85)\/cloudfront-us-east-1.images.arcpublishing.com\/infobae\/ADEQDEO52VCABM6AIU5D2QFE6Y.jpg 768w,https:\/\/www.infobae.com\/new-resizer\/tf8g1B1cw3qodbgDvOjhPCxokdA=\/992x992\/filters:format(webp):quality(85)\/cloudfront-us-east-1.images.arcpublishing.com\/infobae\/ADEQDEO52VCABM6AIU5D2QFE6Y.jpg 992w,https:\/\/www.infobae.com\/new-resizer\/oRkOHHOAqUGwoFBBg_OaRwrxAdw=\/1200x1200\/filters:format(webp):quality(85)\/cloudfront-us-east-1.images.arcpublishing.com\/infobae\/ADEQDEO52VCABM6AIU5D2QFE6Y.jpg 1200w,https:\/\/www.infobae.com\/new-resizer\/1bQYMpMp7MF-_cgZnwiqNeWBU50=\/1440x1440\/filters:format(webp):quality(85)\/cloudfront-us-east-1.images.arcpublishing.com\/infobae\/ADEQDEO52VCABM6AIU5D2QFE6Y.jpg 1440w\" src=\"https:\/\/www.infobae.com\/new-resizer\/GWHOoMWsjYg-3__r23PXIlqYEFs=\/420x420\/filters:format(webp):quality(85)\/cloudfront-us-east-1.images.arcpublishing.com\/infobae\/ADEQDEO52VCABM6AIU5D2QFE6Y.jpg%20420w\" alt=\"Las im\u00e1genes de Galileo, el hijo de Magui Bravi (Instagram)\">Las im\u00e1genes de Galileo, el hijo de Magui Bravi (Instagram)<\/p>\n\n\n\n<figure class=\"wp-block-image size-large\"><img loading=\"lazy\" decoding=\"async\" width=\"1024\" height=\"576\" src=\"https:\/\/corrientesdetarde.com\/wp-content\/uploads\/2024\/01\/image-223-1024x576.png\" alt=\"\" class=\"wp-image-120850\" srcset=\"https:\/\/corrientesdetarde.com\/wp-content\/uploads\/2024\/01\/image-223-1024x576.png 1024w, https:\/\/corrientesdetarde.com\/wp-content\/uploads\/2024\/01\/image-223-300x169.png 300w, https:\/\/corrientesdetarde.com\/wp-content\/uploads\/2024\/01\/image-223-768x432.png 768w, https:\/\/corrientesdetarde.com\/wp-content\/uploads\/2024\/01\/image-223-1536x864.png 1536w, https:\/\/corrientesdetarde.com\/wp-content\/uploads\/2024\/01\/image-223.png 1920w\" sizes=\"auto, (max-width: 1024px) 100vw, 1024px\" \/><\/figure>\n","protected":false},"excerpt":{"rendered":"<p>El pasado martes 25 de febrero la vida cambi\u00f3 para la bailarina\u00a0Magui Bravi\u00a0y su esposo\u00a0Octavio Cattaneo,\u00a0ya que luego de diez a\u00f1os juntos se convirtieron en los padres de\u00a0su primer hijo:\u00a0Galileo.&hellip; <\/p>\n","protected":false},"author":1,"featured_media":120851,"comment_status":"closed","ping_status":"open","sticky":false,"template":"","format":"standard","meta":{"footnotes":""},"categories":[19],"tags":[],"class_list":["post-120837","post","type-post","status-publish","format-standard","has-post-thumbnail","hentry","category-espectaculos"],"_links":{"self":[{"href":"https:\/\/corrientesdetarde.com\/index.php\/wp-json\/wp\/v2\/posts\/120837","targetHints":{"allow":["GET"]}}],"collection":[{"href":"https:\/\/corrientesdetarde.com\/index.php\/wp-json\/wp\/v2\/posts"}],"about":[{"href":"https:\/\/corrientesdetarde.com\/index.php\/wp-json\/wp\/v2\/types\/post"}],"author":[{"embeddable":true,"href":"https:\/\/corrientesdetarde.com\/index.php\/wp-json\/wp\/v2\/users\/1"}],"replies":[{"embeddable":true,"href":"https:\/\/corrientesdetarde.com\/index.php\/wp-json\/wp\/v2\/comments?post=120837"}],"version-history":[{"count":1,"href":"https:\/\/corrientesdetarde.com\/index.php\/wp-json\/wp\/v2\/posts\/120837\/revisions"}],"predecessor-version":[{"id":120852,"href":"https:\/\/corrientesdetarde.com\/index.php\/wp-json\/wp\/v2\/posts\/120837\/revisions\/120852"}],"wp:featuredmedia":[{"embeddable":true,"href":"https:\/\/corrientesdetarde.com\/index.php\/wp-json\/wp\/v2\/media\/120851"}],"wp:attachment":[{"href":"https:\/\/corrientesdetarde.com\/index.php\/wp-json\/wp\/v2\/media?parent=120837"}],"wp:term":[{"taxonomy":"category","embeddable":true,"href":"https:\/\/corrientesdetarde.com\/index.php\/wp-json\/wp\/v2\/categories?post=120837"},{"taxonomy":"post_tag","embeddable":true,"href":"https:\/\/corrientesdetarde.com\/index.php\/wp-json\/wp\/v2\/tags?post=120837"}],"curies":[{"name":"wp","href":"https:\/\/api.w.org\/{rel}","templated":true}]}}