{"id":120860,"date":"2024-01-25T23:40:07","date_gmt":"2024-01-26T02:40:07","guid":{"rendered":"https:\/\/corrientesdetarde.com\/?p=120860"},"modified":"2024-01-25T23:41:04","modified_gmt":"2024-01-26T02:41:04","slug":"milei-expulso-a-ferraro-por-filtraciones-a-la-prensa-y-caputo-absorve-mas-poder","status":"publish","type":"post","link":"https:\/\/corrientesdetarde.com\/index.php\/politica\/milei-expulso-a-ferraro-por-filtraciones-a-la-prensa-y-caputo-absorve-mas-poder\/","title":{"rendered":"MILEI EXPULSO A FERRARO POR FILTRACIONES A LA PRENSA Y CAPUTO ABSORVE MAS PODER"},"content":{"rendered":"\n<p>(Corresponsal\u00eda Buenos Aires) &#8211; Javier Milei tom\u00f3 la decisi\u00f3n de destituir al ministro de Infraestructura, Guillermo Ferraro, acus\u00e1ndolo de ser la fuente de diversas filtraciones que ocurrieron despu\u00e9s de las reuniones de gabinete de esta semana.<\/p>\n\n\n\n<p>La posibilidad de la renuncia de Ferraro ya se ven\u00eda mencionando, despu\u00e9s de que el propio gobierno insinuara a trav\u00e9s de los medios que un ministro ser\u00eda removido debido a la filtraci\u00f3n de informaci\u00f3n sensible.<\/p>\n\n\n\n<p>En lugar de tener un sucesor, el Ministerio de Infraestructura se transformar\u00e1 en una secretar\u00eda, y todo su gabinete estar\u00e1 bajo la direcci\u00f3n del ministro de Econom\u00eda, Luis Caputo, quien asume ahora el rol de superministro.<\/p>\n\n\n\n<p>Durante la campa\u00f1a, Ferraro supervis\u00f3 la fiscalizaci\u00f3n de La Libertad Avanza (LLA) y se convierte as\u00ed en el primer ministro en ser destituido del gabinete a solo 45 d\u00edas del inicio de la administraci\u00f3n libertaria.<\/p>\n\n\n\n<p>Se reportaron m\u00faltiples filtraciones en las recientes reuniones, incluyendo explicaciones de la canciller Diana Mondino sobre el conflicto con China, el principal socio comercial de Argentina junto con Brasil. Tambi\u00e9n se filtraron detalles sobre una ofensiva contra los gobernadores y el papel que desempe\u00f1ar\u00eda el presidente del Banco Central, Santiago Bausili, para disciplinarlos.<\/p>\n\n\n\n<p>En la \u00faltima reuni\u00f3n, las filtraciones llevaron al l\u00edmite la paciencia del Presidente. Molesto por la situaci\u00f3n con los gobernadores, Milei expres\u00f3: &#8220;Los voy a dejar sin un peso, los voy a fundir a todos&#8221;, seg\u00fan reprodujo Clar\u00edn, generando la indignaci\u00f3n de los l\u00edderes provinciales.<\/p>\n\n\n\n<p>Previo a esta destituci\u00f3n, se hab\u00eda informado que Ferraro enfrentaba presiones del jefe de Gabinete, Nicol\u00e1s Posse, quien de hecho hab\u00eda intervenido en el ministerio.<\/p>\n\n\n\n<p>Durante la tarde se especul\u00f3 sobre la posible renuncia del ministro del Interior, Guillermo Francos, quien hab\u00eda tenido desacuerdos con varios ministros, especialmente con el jefe de Gabinete. Adem\u00e1s, el secretario de Medios, Eduardo Serenellini, enfrenta momentos dif\u00edciles y se le sospecha de ser la fuente de filtraciones, aunque m\u00e1s por descuido que por decisi\u00f3n. Serenellini se suma a la lista de funcionarios con un futuro incierto, habiendo tenido que relevar a su segundo, Alejandro Perandones, durante esta semana.<\/p>\n","protected":false},"excerpt":{"rendered":"<p>(Corresponsal\u00eda Buenos Aires) &#8211; Javier Milei tom\u00f3 la decisi\u00f3n de destituir al ministro de Infraestructura, Guillermo Ferraro, acus\u00e1ndolo de ser la fuente de diversas filtraciones que ocurrieron despu\u00e9s de las&hellip; <\/p>\n","protected":false},"author":11,"featured_media":120861,"comment_status":"closed","ping_status":"open","sticky":false,"template":"","format":"standard","meta":{"footnotes":""},"categories":[26,3],"tags":[1252,336,266],"class_list":["post-120860","post","type-post","status-publish","format-standard","has-post-thumbnail","hentry","category-destacados","category-politica","tag-ferraro","tag-milei","tag-renuncia"],"_links":{"self":[{"href":"https:\/\/corrientesdetarde.com\/index.php\/wp-json\/wp\/v2\/posts\/120860","targetHints":{"allow":["GET"]}}],"collection":[{"href":"https:\/\/corrientesdetarde.com\/index.php\/wp-json\/wp\/v2\/posts"}],"about":[{"href":"https:\/\/corrientesdetarde.com\/index.php\/wp-json\/wp\/v2\/types\/post"}],"author":[{"embeddable":true,"href":"https:\/\/corrientesdetarde.com\/index.php\/wp-json\/wp\/v2\/users\/11"}],"replies":[{"embeddable":true,"href":"https:\/\/corrientesdetarde.com\/index.php\/wp-json\/wp\/v2\/comments?post=120860"}],"version-history":[{"count":2,"href":"https:\/\/corrientesdetarde.com\/index.php\/wp-json\/wp\/v2\/posts\/120860\/revisions"}],"predecessor-version":[{"id":120863,"href":"https:\/\/corrientesdetarde.com\/index.php\/wp-json\/wp\/v2\/posts\/120860\/revisions\/120863"}],"wp:featuredmedia":[{"embeddable":true,"href":"https:\/\/corrientesdetarde.com\/index.php\/wp-json\/wp\/v2\/media\/120861"}],"wp:attachment":[{"href":"https:\/\/corrientesdetarde.com\/index.php\/wp-json\/wp\/v2\/media?parent=120860"}],"wp:term":[{"taxonomy":"category","embeddable":true,"href":"https:\/\/corrientesdetarde.com\/index.php\/wp-json\/wp\/v2\/categories?post=120860"},{"taxonomy":"post_tag","embeddable":true,"href":"https:\/\/corrientesdetarde.com\/index.php\/wp-json\/wp\/v2\/tags?post=120860"}],"curies":[{"name":"wp","href":"https:\/\/api.w.org\/{rel}","templated":true}]}}