{"id":120865,"date":"2024-01-26T00:18:38","date_gmt":"2024-01-26T03:18:38","guid":{"rendered":"https:\/\/corrientesdetarde.com\/?p=120865"},"modified":"2024-01-26T00:18:51","modified_gmt":"2024-01-26T03:18:51","slug":"entidades-y-camaras-de-la-agroindustria-celebran-la-intencion-oficial-de-adherir-a-la-convenio-internacional-para-la-proteccion-de-las-obtenciones-vegetales","status":"publish","type":"post","link":"https:\/\/corrientesdetarde.com\/index.php\/politica\/entidades-y-camaras-de-la-agroindustria-celebran-la-intencion-oficial-de-adherir-a-la-convenio-internacional-para-la-proteccion-de-las-obtenciones-vegetales\/","title":{"rendered":"ENTIDADES Y C\u00c1MARAS DE LA AGROINDUSTRIA CELEBRAN LA INTENCI\u00d3N OFICIAL DE ADHERIR A LA CONVENIO INTERNACIONAL PARA LA PROTECCI\u00d3N DE LAS OBTENCIONES VEGETALES"},"content":{"rendered":"\n<p>C\u00e1maras y entidades de la agroindustria argentina expresaron en un comunicado su apoyo a la propuesta de \u201cadhesi\u00f3n de nuestro pa\u00eds a la Convenci\u00f3n Internacional Convenio Internacional para la Protecci\u00f3n de las Obtenciones Vegetales (&#8220;Convenio de la UPOV&#8221;) Acta 1991, dado que va en la direcci\u00f3n correcta y le permitir\u00e1 a la Argentina consolidar el liderazgo entre los pa\u00edses de la regi\u00f3n, como proveedores de alimentos al mundo\u201d. La iniciativa se encuentra en el Congreso para su tratamiento desde el 27 de diciembre pasado.<\/p>\n\n\n\n<p>\u201cLa innovaci\u00f3n resulta determinante para aumentar la producci\u00f3n de alimentos, en el marco de la creciente demanda mundial y de los desaf\u00edos que plantea el cambio clim\u00e1tico\u201d, dijeron las entidades. En ese marco, se explic\u00f3 que \u201cel incremento de la oferta depende de la incorporaci\u00f3n de las nuevas tecnolog\u00edas a los procesos productivos\u201d.<\/p>\n\n\n\n<p>Los objetivos planteados por el Plan Agroindustrial presentado en marzo del a\u00f1o pasado y que proyecta incrementos hasta el 2033, est\u00e1n enfocados en alcanzar exportaciones agroindustriales por 100 mil millones de d\u00f3lares anuales, sumar m\u00e1s de 800 mil puestos de trabajo agropecuarios, y contar con marcos normativos que brinden previsibilidad a la inversi\u00f3n productiva sustentable.<\/p>\n\n\n\n<p>En este sentido, \u201cel reconocimiento y respeto a la propiedad intelectual como incentivo a la inversi\u00f3n en investigaci\u00f3n y desarrollo es la herramienta que los estados miembros de UPOV cuentan para contar con las mejores obtenciones vegetales para ponerlas a disposici\u00f3n de todos los productores en todas las cadenas de valor\u201d, se indic\u00f3.<\/p>\n\n\n\n<p>Para finalizar vale decir que en la actualidad de los 78 pa\u00edses que conforman UPOV, 61 ya adhieren al Acta 1991, entre otros la UE en su conjunto, Australia, Jap\u00f3n, Israel, Canad\u00e1, Per\u00fa y Estados Unidos.<\/p>\n\n\n\n<p>Por ello, \u201creiteramos el apoyo de las c\u00e1maras y entidades agroindustriales a que la Argentina avance en la adhesi\u00f3n al Acta de 1991 de la convenci\u00f3n de UPOV que la que traer\u00e1 beneficios a toda la cadena productiva y transformadora de alimentos, fibras y biocombustibles\u201d, se a\u00f1adi\u00f3.<\/p>\n\n\n\n<p>El comunicado est\u00e1 firmado por la ACNOA (Asociaci\u00f3n Citr\u00edcola del Noreste Argentino); AFoA (Asociaci\u00f3n Forestal Argentina), ASA (Asociaci\u00f3n Semilleros Argentinos), CSBC &#8211; C\u00e1mara de Semilleristas de la Bolsa de Cereales, FAIM (Federaci\u00f3n Argentina de la Industria Molinera), CAENA (C\u00e1mara Argentina de Empresas de Nutrici\u00f3n Animal),la C\u00e1mara Argentina de la Alfalfa, CAF (C\u00e1mara Argentina de Feedlot), CAPIA (C\u00e1mara Argentina de Productores Av\u00edcolas), CARBIO (C\u00e1mara Argentina de Biocombustibles), CAMPI (C\u00e1mara de Procesadores y Exportadores de Ma\u00edz Pisingallo), CIARA (C\u00e1mara de la Industria Aceitera de la Rep\u00fablica Argentina), la C\u00e1mara de la Industria Cervecera Argentina, Casafe (C\u00e1mara de Sanidad Agropecuaria y Fertilizantes).<\/p>\n\n\n\n<p>Tambi\u00e9n el Centro de Exportadores de Cereales, el Centro de Corredores y Agentes de la Bolsa de Cereales, CEPA (Centro de Empresas Procesadoras Av\u00edcolas), Clera (C\u00e1mara de Legumbres de la Rep\u00fablica Argentina), CONINAGRO, el Consorcio de Exportadores de Carnes Argentinas, FIFRA ( Federaci\u00f3n de Industrias Frigor\u00edficas Regionales Argentinas), MAIZAR, Matba-Rofex, la Uni\u00f3n de la Industria C\u00e1rnica Argentina, la Bolsa de Cereales de Santa Fe y la C\u00e1mara Argentina del Man\u00ed.<\/p>\n","protected":false},"excerpt":{"rendered":"<p>C\u00e1maras y entidades de la agroindustria argentina expresaron en un comunicado su apoyo a la propuesta de \u201cadhesi\u00f3n de nuestro pa\u00eds a la Convenci\u00f3n Internacional Convenio Internacional para la Protecci\u00f3n&hellip; <\/p>\n","protected":false},"author":11,"featured_media":120866,"comment_status":"closed","ping_status":"open","sticky":false,"template":"","format":"standard","meta":{"footnotes":""},"categories":[3],"tags":[1504,1503],"class_list":["post-120865","post","type-post","status-publish","format-standard","has-post-thumbnail","hentry","category-politica","tag-cereales","tag-vegetales"],"_links":{"self":[{"href":"https:\/\/corrientesdetarde.com\/index.php\/wp-json\/wp\/v2\/posts\/120865","targetHints":{"allow":["GET"]}}],"collection":[{"href":"https:\/\/corrientesdetarde.com\/index.php\/wp-json\/wp\/v2\/posts"}],"about":[{"href":"https:\/\/corrientesdetarde.com\/index.php\/wp-json\/wp\/v2\/types\/post"}],"author":[{"embeddable":true,"href":"https:\/\/corrientesdetarde.com\/index.php\/wp-json\/wp\/v2\/users\/11"}],"replies":[{"embeddable":true,"href":"https:\/\/corrientesdetarde.com\/index.php\/wp-json\/wp\/v2\/comments?post=120865"}],"version-history":[{"count":1,"href":"https:\/\/corrientesdetarde.com\/index.php\/wp-json\/wp\/v2\/posts\/120865\/revisions"}],"predecessor-version":[{"id":120867,"href":"https:\/\/corrientesdetarde.com\/index.php\/wp-json\/wp\/v2\/posts\/120865\/revisions\/120867"}],"wp:featuredmedia":[{"embeddable":true,"href":"https:\/\/corrientesdetarde.com\/index.php\/wp-json\/wp\/v2\/media\/120866"}],"wp:attachment":[{"href":"https:\/\/corrientesdetarde.com\/index.php\/wp-json\/wp\/v2\/media?parent=120865"}],"wp:term":[{"taxonomy":"category","embeddable":true,"href":"https:\/\/corrientesdetarde.com\/index.php\/wp-json\/wp\/v2\/categories?post=120865"},{"taxonomy":"post_tag","embeddable":true,"href":"https:\/\/corrientesdetarde.com\/index.php\/wp-json\/wp\/v2\/tags?post=120865"}],"curies":[{"name":"wp","href":"https:\/\/api.w.org\/{rel}","templated":true}]}}