{"id":120894,"date":"2024-01-26T09:46:19","date_gmt":"2024-01-26T12:46:19","guid":{"rendered":"https:\/\/corrientesdetarde.com\/?p=120894"},"modified":"2024-01-26T09:46:37","modified_gmt":"2024-01-26T12:46:37","slug":"tragedia-en-mendoza-un-joven-de-19-anos-murio-ahogado-mientras-hacia-rafting","status":"publish","type":"post","link":"https:\/\/corrientesdetarde.com\/index.php\/sociales\/tragedia-en-mendoza-un-joven-de-19-anos-murio-ahogado-mientras-hacia-rafting\/","title":{"rendered":"Tragedia en Mendoza: un joven de 19 a\u00f1os muri\u00f3 ahogado mientras hac\u00eda rafting"},"content":{"rendered":"\n<p><strong>Un joven de 19 a\u00f1os\u00a0muri\u00f3 ahogado\u00a0este jueves por la tarde tras caer en el r\u00edo Mendoza<\/strong>, ubicado en la capital de la provincia, mientras hac\u00eda rafting. Seg\u00fan indicaron las fuentes policiales, el chico trabajaba en la empresa que ofrec\u00eda la excursi\u00f3n y, en medio de la actividad, perdi\u00f3 el equilibrio y se cay\u00f3.<\/p>\n\n\n\n<p>Despu\u00e9s de ser\u00a0<strong>arrastrado por la corriente<\/strong>, su cuerpo qued\u00f3 flotando por el Puente Colgante de Cacheuta, por lo cual se inici\u00f3 un intenso operativo para poder sacarlo del agua.<\/p>\n\n\n\n<p>El accidente fue informado a las autoridades tras varias llamadas al 911, en las que se indic\u00f3 que\u00a0<strong>una balsa se desplazaba a gran velocidad por la corriente del r\u00edo<\/strong>, por lo cual se activ\u00f3 el protocolo de rescate. Seg\u00fan informaron los testigos,\u00a0<strong>la embarcaci\u00f3n se dio vuelta y el chico no pudo mantenerse a salvo<\/strong>.<\/p>\n\n\n\n<p>A la escena, arribaron efectivos de la Polic\u00eda, Bomberos Voluntarios y del Cuartel Central, pero debido al extremo caudal del agua se solicit\u00f3 el apoyo del helic\u00f3ptero Halc\u00f3n 1. Los agentes del Cuerpo de Aviaci\u00f3n Policial (CAP), quienes tripularon la aeronave, lograron detectar al joven a la altura de la central hidroel\u00e9ctrica \u00c1lvarez Condarco.<\/p>\n\n\n\n<figure class=\"wp-block-image\"><img decoding=\"async\" src=\"https:\/\/tn.com.ar\/resizer\/4agpqHgO9Kw57m85wgncqg2-1gI=\/767x0\/smart\/filters:format(webp)\/cloudfront-us-east-1.images.arcpublishing.com\/artear\/APBG3KKWLNEJDCM6Z32QGTDKCQ.PNG\" alt=\"El operativo de rescate solicit\u00f3 el apoyo del helic\u00f3ptero Halc\u00f3n 1. (Foto: gentileza Los Andes)\"\/><figcaption>El operativo de rescate solicit\u00f3 el apoyo del helic\u00f3ptero Halc\u00f3n 1. (Foto: gentileza Los Andes)<\/figcaption><\/figure>\n\n\n\n<p>En ese momento, lo sacaron del agua y lo trasladaron hasta la Playita de Luj\u00e1n. All\u00ed, el personal del Servicio de Emergencias Coordinado&nbsp;<strong>le practic\u00f3 maniobras de RCP pero finalmente muri\u00f3<\/strong>.<\/p>\n\n\n\n<h2 class=\"wp-block-heading\">Encontraron el cuerpo de un hombre en el Riachuelo: ten\u00eda la camiseta de River e investigan su identidad<\/h2>\n\n\n\n<p><strong>El cuerpo de un hombre fue encontrado este jueves en el Riachuelo<\/strong>, a la altura de la calle Erezcano, en Nueva Pompeya. De acuerdo a lo que indicaron las fuentes policiales, estaba vestido con la camiseta de River Plate, un pantal\u00f3n de jean y zapatillas azules.<\/p>\n\n\n\n<p>En el lugar, se encuentra trabajando la Polic\u00eda de la Ciudad y de Prefectura haciendo rastrillajes y buscando indicios que den m\u00e1s detalles sobre la causa de muerte de la v\u00edctima.<\/p>\n\n\n\n<figure class=\"wp-block-image\"><img decoding=\"async\" src=\"https:\/\/tn.com.ar\/resizer\/x0KgPDHWRvdh58SQqVNbnWU5TIM=\/767x0\/smart\/filters:format(webp)\/cloudfront-us-east-1.images.arcpublishing.com\/artear\/SORWXXTG2FF3VCPQJRZI6SGDW4.png\" alt=\"La denuncia se realiz\u00f3 al 911 por un equipo del ACUMAR que realizaba tareas de limpieza de agua. (Foto: TN)\"\/><figcaption>La denuncia se realiz\u00f3 al 911 por un equipo del ACUMAR que realizaba tareas de limpieza de agua. (Foto: TN)<\/figcaption><\/figure>\n\n\n\n<p>La denuncia se llev\u00f3 a cabo trav\u00e9s del 911 por parte del\u00a0<strong>personal de ACUMAR<\/strong>\u00a0(Autoridad de Cuenca Matanza Riachuelo), quienes se encontraban realizando tareas de limpieza de agua cuando descubrieron el cad\u00e1ver.<\/p>\n\n\n\n<p>En el lugar, asistieron efectivos de la Comisar\u00eda Vecinal 4B y confirmaron la existencia del cuerpo, el cual fue sacado del agua por Prefectura Naval y trasladado a la morgue judicial, seg\u00fan inform\u00f3&nbsp;<em>Noticias Argentinas<\/em>.<\/p>\n","protected":false},"excerpt":{"rendered":"<p>Un joven de 19 a\u00f1os\u00a0muri\u00f3 ahogado\u00a0este jueves por la tarde tras caer en el r\u00edo Mendoza, ubicado en la capital de la provincia, mientras hac\u00eda rafting. Seg\u00fan indicaron las fuentes&hellip; <\/p>\n","protected":false},"author":12,"featured_media":120896,"comment_status":"closed","ping_status":"open","sticky":false,"template":"","format":"standard","meta":{"footnotes":""},"categories":[17],"tags":[],"class_list":["post-120894","post","type-post","status-publish","format-standard","has-post-thumbnail","hentry","category-sociales"],"_links":{"self":[{"href":"https:\/\/corrientesdetarde.com\/index.php\/wp-json\/wp\/v2\/posts\/120894","targetHints":{"allow":["GET"]}}],"collection":[{"href":"https:\/\/corrientesdetarde.com\/index.php\/wp-json\/wp\/v2\/posts"}],"about":[{"href":"https:\/\/corrientesdetarde.com\/index.php\/wp-json\/wp\/v2\/types\/post"}],"author":[{"embeddable":true,"href":"https:\/\/corrientesdetarde.com\/index.php\/wp-json\/wp\/v2\/users\/12"}],"replies":[{"embeddable":true,"href":"https:\/\/corrientesdetarde.com\/index.php\/wp-json\/wp\/v2\/comments?post=120894"}],"version-history":[{"count":2,"href":"https:\/\/corrientesdetarde.com\/index.php\/wp-json\/wp\/v2\/posts\/120894\/revisions"}],"predecessor-version":[{"id":120898,"href":"https:\/\/corrientesdetarde.com\/index.php\/wp-json\/wp\/v2\/posts\/120894\/revisions\/120898"}],"wp:featuredmedia":[{"embeddable":true,"href":"https:\/\/corrientesdetarde.com\/index.php\/wp-json\/wp\/v2\/media\/120896"}],"wp:attachment":[{"href":"https:\/\/corrientesdetarde.com\/index.php\/wp-json\/wp\/v2\/media?parent=120894"}],"wp:term":[{"taxonomy":"category","embeddable":true,"href":"https:\/\/corrientesdetarde.com\/index.php\/wp-json\/wp\/v2\/categories?post=120894"},{"taxonomy":"post_tag","embeddable":true,"href":"https:\/\/corrientesdetarde.com\/index.php\/wp-json\/wp\/v2\/tags?post=120894"}],"curies":[{"name":"wp","href":"https:\/\/api.w.org\/{rel}","templated":true}]}}