{"id":120901,"date":"2024-01-26T10:26:57","date_gmt":"2024-01-26T13:26:57","guid":{"rendered":"https:\/\/corrientesdetarde.com\/?p=120901"},"modified":"2024-01-26T10:31:53","modified_gmt":"2024-01-26T13:31:53","slug":"el-militar-ruso-que-fue-condenado-por-matar-a-298-personas-pero-termino-en-prision-por-insultar-a-putin","status":"publish","type":"post","link":"https:\/\/corrientesdetarde.com\/index.php\/internacionales\/el-militar-ruso-que-fue-condenado-por-matar-a-298-personas-pero-termino-en-prision-por-insultar-a-putin\/","title":{"rendered":"El militar ruso que fue condenado por matar a 298 personas pero termin\u00f3 en prisi\u00f3n por insultar a Putin"},"content":{"rendered":"\n<p><strong>La \u00faltima vez que vi a Igor Girkin fue hace cinco a\u00f1os en el hueco de una escalera de una agencia de noticias de Mosc\u00fa.<\/strong><\/p>\n\n\n\n<p>&#8220;\u00bfPodr\u00eda darme una entrevista?&#8221;, le pregunt\u00e9. &#8220;No&#8221;, respondi\u00f3 bruscamente y se fue corriendo.<\/p>\n\n\n\n<p>Este jueves lo vi de vuelta. Nada de escaleras.<\/p>\n\n\n\n<p>Esta vez, Girkin estaba en un banquillo encerrado y rodeado de polic\u00edas en el Tribunal Municipal de Mosc\u00fa.<\/p>\n\n\n\n<p>Junto con otros medios de comunicaci\u00f3n, nos permitieron entrar para grabarlo solo un minuto antes del final de su juicio.<\/p>\n\n\n\n<p>Un perro polic\u00eda no paraba de ladrar. Girkin lo encontr\u00f3 divertido, al veredicto no tanto.<\/p>\n\n\n\n<p>Minutos despu\u00e9s fue declarado culpable de cargos de extremismo y&nbsp;<strong>condenado a cuatro a\u00f1os&nbsp;en una colonia penal.<\/strong><\/p>\n\n\n\n<h2 class=\"wp-block-heading\">La condena anterior<\/h2>\n\n\n\n<p>No era su primera condena.<\/p>\n\n\n\n<p>En 2022 en La Haya, Pa\u00edses Bajos, Girkin fue declarado culpable en ausencia del&nbsp;<strong>asesinato de 298 personas<\/strong>, entre pasajeros y la tripulaci\u00f3n del vuelo MH17 de Malaysian Airlines que cubr\u00eda la ruta \u00c1msterdam-Kuala Lumpur.<\/p>\n\n\n\n<p>El Boeing fue derribado sobre el este de Ucrania en 2014 por fuerzas separatistas en las primeras etapas del conflicto entre rusos y ucranianos en la regi\u00f3n del Donb\u00e1s.<\/p>\n\n\n\n<p>Girkin fue uno de los tres condenados a cadena perpetua, una sentencia que \u00e9l ignor\u00f3.<\/p>\n\n\n\n<figure class=\"wp-block-image\"><img decoding=\"async\" src=\"https:\/\/www.mdzol.com\/u\/fotografias\/m\/2024\/1\/26\/f768x450-1541505_1590894_5050.jpg\" alt=\"\"\/><figcaption>Foto: GETTY IMAGES<br>Los partidarios del encarcelado Igor Girkin esperaron la condena fuera del tribunal.<\/figcaption><\/figure>\n\n\n\n<p>Un a\u00f1o despu\u00e9s de conocernos en el hueco de la escalera, consegu\u00ed hablar con Girkin por tel\u00e9fono y preguntarle por La Haya.<\/p>\n\n\n\n<p><strong>&#8220;No reconozco la autoridad del tribunal de La Haya en este asunto&#8221;<\/strong>, me dijo.<\/p>\n\n\n\n<p>&#8220;Soy militar y no voy a aceptar que un tribunal civil de un pa\u00eds extranjero tenga autoridad para condenar a una persona que particip\u00f3 en una guerra civil ajena, s\u00f3lo porque sus civiles fueron asesinados&#8221;.<\/p>\n\n\n\n<p>&#8220;\u00bfSabe usted qui\u00e9n derrib\u00f3 [el avi\u00f3n]?&#8221;, le pregunt\u00e9.<\/p>\n\n\n\n<p>&#8220;Los rebeldes no derribaron el Boeing. No tengo nada m\u00e1s que decir&#8221;.<\/p>\n\n\n\n<p>&#8220;Si no fueron los rebeldes, \u00bffueron soldados rusos?&#8221;, insist\u00ed.<\/p>\n\n\n\n<p>&#8220;Eso es todo. Adi\u00f3s&#8221;. Colg\u00f3.<\/p>\n\n\n\n<p><strong>Ahora va a ir a la c\u00e1rcel<\/strong>.&nbsp;Pero no por asesinato en masa. Y no de por vida.<\/p>\n\n\n\n<h2 class=\"wp-block-heading\">Qui\u00e9n es Girkin<\/h2>\n\n\n\n<p>Entonces, qui\u00e9n es Girkin -tambi\u00e9n conocido por el seud\u00f3nimo de Igor Strelkov- y por qu\u00e9 un tribunal de Mosc\u00fa lo manda ahora a la c\u00e1rcel.<\/p>\n\n\n\n<p>Girkin es un antiguo oficial del&nbsp;<strong>servicio de seguridad interior de Rusia.<\/strong><\/p>\n\n\n\n<p>En 2014 desempe\u00f1\u00f3 un papel clave en los combates en la regi\u00f3n ucraniana de Donb\u00e1s: un conflicto dise\u00f1ado y orquestado por Mosc\u00fa, en donde organiz\u00f3 y dirigi\u00f3 milicias prorrusas en el este de Ucrania.<\/p>\n\n\n\n<p>El tribunal holand\u00e9s dictaminar\u00eda posteriormente que Rusia estaba al mando de las fuerzas separatistas que luchaban en el este de Ucrania y que Girkin ayud\u00f3 a introducir en Ucrania el sistema de misiles Buk, que se utiliz\u00f3 para derribar el vuelo MH17.<\/p>\n\n\n\n<figure class=\"wp-block-image\"><img decoding=\"async\" src=\"https:\/\/www.mdzol.com\/u\/fotografias\/m\/2024\/1\/26\/f768x432-1541506_1588920_5050.jpg\" alt=\"\"\/><figcaption>Foto: GETTY IMAGES<br>Partidarios de Girkin fueron detenidos en las puertas del tribunal en Mosc\u00fa.<\/figcaption><\/figure>\n\n\n\n<p>Tras la invasi\u00f3n a gran escala de Ucrania por parte de Rusia en febrero de 2022, el&nbsp;<strong>ultranacionalista Girkin<\/strong>&nbsp;se convirti\u00f3 en un destacado bloguero a favor de la guerra.<\/p>\n\n\n\n<p>Pero se mostr\u00f3 cada vez m\u00e1s cr\u00edtico con la forma en que las autoridades rusas estaban librando el conflicto. En su opini\u00f3n, no con la suficiente dureza.<\/p>\n\n\n\n<p>Fund\u00f3 un movimiento nacionalista de l\u00ednea dura llamado&nbsp;<strong>El club de los patriotas furiosos<\/strong>.<\/p>\n\n\n\n<p>Sus problemas comenzaron cuando empez\u00f3 a descargar su ira contra el presidente ruso, Vladimir Putin.<\/p>\n\n\n\n<p>Las cr\u00edticas p\u00fablicas al mandatario se convirtieron en insultos.<\/p>\n\n\n\n<p>En un post del a\u00f1o pasado, Girkin describi\u00f3 a Putin como &#8220;<strong>una nulidad<\/strong>&#8221; y un &#8220;<strong>cobarde desperdicio de espacio<\/strong>&#8220;.<\/p>\n\n\n\n<p>Pocos d\u00edas despu\u00e9s fue detenido. Ahora ha sido juzgado y condenado.<\/p>\n\n\n\n<h2 class=\"wp-block-heading\">La respuesta a su condena<\/h2>\n\n\n\n<p>Por supuesto, una pena de cuatro a\u00f1os de prisi\u00f3n es leve en comparaci\u00f3n con otros castigos recientes dictados por los tribunales rusos.<\/p>\n\n\n\n<p>El a\u00f1o pasado, el activista prodemocr\u00e1tico Vladimir Kara-Murza fue condenado a un cuarto de siglo entre rejas tras ser declarado&nbsp;culpable de traici\u00f3n, en un proceso que, seg\u00fan \u00e9l y sus partidarios, tuvo motivaciones pol\u00edticas.<\/p>\n\n\n\n<p>\u00bfC\u00f3mo reaccionar\u00edan los &#8220;patriotas furiosos&#8221; ante la condena de Girkin? \u00bfSaldr\u00e1n a la calle a protestar?<\/p>\n\n\n\n<p>No exactamente. Unas pocas docenas de simpatizantes se reunieron frente al Tribunal Municipal de Mosc\u00fa para corear&nbsp;&#8220;\u00a1<strong>Libertad a Strelkov<\/strong>!&#8221;, pero hab\u00eda poco optimismo en sus voces.<\/p>\n\n\n\n<figure class=\"wp-block-image\"><img decoding=\"async\" src=\"https:\/\/www.mdzol.com\/u\/fotografias\/m\/2024\/1\/26\/f768x431-1541507_1588811_5050.jpg\" alt=\"\"\/><figcaption>Foto: GETTY IMAGES<br>Girkin cumplir\u00e1 una condena de 4 a\u00f1os.<\/figcaption><\/figure>\n\n\n\n<p>&#8220;Han juzgado a un patriota nacional ruso&#8221;, le dice a la BBC Denis. &#8220;Espero que nuestro pueblo despierte y luche. Por desgracia, no vemos mucha reacci\u00f3n. Todo el mundo parece esconderse&#8221;.<\/p>\n\n\n\n<p>Entre la multitud tambi\u00e9n se encontraba el coronel retirado y ultranacionalista declarado Vladimir Kvachkov.<\/p>\n\n\n\n<p>Tras informarme de que &#8220;Rusia siempre ser\u00e1 enemiga del Occidente anglosaj\u00f3n&#8221; y asegurar que la ruptura de Reino Unido es inevitable, Kvachkov afirm\u00f3 que Girkin estaba siendo castigado por&nbsp;&#8220;<strong>luchar contra el sistema<\/strong>&#8220;.<\/p>\n\n\n\n<p>En los \u00faltimos a\u00f1os, el &#8220;sistema&#8221; se ha concentrado en limpiar el panorama pol\u00edtico ruso de cr\u00edticos y desafiantes prodemocr\u00e1ticos y prooccidentales.<\/p>\n\n\n\n<p>La condena a prisi\u00f3n de Girkin sugiere que las autoridades rusas han decidido ahora reprimir a los cr\u00edticos del extremo opuesto del espectro: los llamados&nbsp;<strong>ultrapatriotas<\/strong>.<\/p>\n\n\n\n<p>El mot\u00edn del a\u00f1o pasado de los mercenarios de Wagner dirigidos por Yevgeny Prigozhin puede ser la raz\u00f3n.<\/p>\n\n\n\n<p>El sistema de Putin sobrevivi\u00f3 al desaf\u00edo.<\/p>\n\n\n\n<p>Pero ese drama habr\u00e1 alertado al Kremlin de los peligros potenciales de elementos nacionalistas y patri\u00f3ticos muy motivados en la sociedad rusa.<\/p>\n","protected":false},"excerpt":{"rendered":"<p>La \u00faltima vez que vi a Igor Girkin fue hace cinco a\u00f1os en el hueco de una escalera de una agencia de noticias de Mosc\u00fa. &#8220;\u00bfPodr\u00eda darme una entrevista?&#8221;, le&hellip; <\/p>\n","protected":false},"author":12,"featured_media":120918,"comment_status":"closed","ping_status":"open","sticky":false,"template":"","format":"standard","meta":{"footnotes":""},"categories":[11],"tags":[],"class_list":["post-120901","post","type-post","status-publish","format-standard","has-post-thumbnail","hentry","category-internacionales"],"_links":{"self":[{"href":"https:\/\/corrientesdetarde.com\/index.php\/wp-json\/wp\/v2\/posts\/120901","targetHints":{"allow":["GET"]}}],"collection":[{"href":"https:\/\/corrientesdetarde.com\/index.php\/wp-json\/wp\/v2\/posts"}],"about":[{"href":"https:\/\/corrientesdetarde.com\/index.php\/wp-json\/wp\/v2\/types\/post"}],"author":[{"embeddable":true,"href":"https:\/\/corrientesdetarde.com\/index.php\/wp-json\/wp\/v2\/users\/12"}],"replies":[{"embeddable":true,"href":"https:\/\/corrientesdetarde.com\/index.php\/wp-json\/wp\/v2\/comments?post=120901"}],"version-history":[{"count":2,"href":"https:\/\/corrientesdetarde.com\/index.php\/wp-json\/wp\/v2\/posts\/120901\/revisions"}],"predecessor-version":[{"id":120928,"href":"https:\/\/corrientesdetarde.com\/index.php\/wp-json\/wp\/v2\/posts\/120901\/revisions\/120928"}],"wp:featuredmedia":[{"embeddable":true,"href":"https:\/\/corrientesdetarde.com\/index.php\/wp-json\/wp\/v2\/media\/120918"}],"wp:attachment":[{"href":"https:\/\/corrientesdetarde.com\/index.php\/wp-json\/wp\/v2\/media?parent=120901"}],"wp:term":[{"taxonomy":"category","embeddable":true,"href":"https:\/\/corrientesdetarde.com\/index.php\/wp-json\/wp\/v2\/categories?post=120901"},{"taxonomy":"post_tag","embeddable":true,"href":"https:\/\/corrientesdetarde.com\/index.php\/wp-json\/wp\/v2\/tags?post=120901"}],"curies":[{"name":"wp","href":"https:\/\/api.w.org\/{rel}","templated":true}]}}